{"id":1042,"date":"2025-03-05T15:21:00","date_gmt":"2025-03-05T15:21:00","guid":{"rendered":"https:\/\/the-swarm.eu\/?p=1042"},"modified":"2025-04-24T08:10:42","modified_gmt":"2025-04-24T08:10:42","slug":"eu-ecolabel-et-green-deal-europeen","status":"publish","type":"post","link":"https:\/\/the-swarm.eu\/index.php\/2025\/03\/05\/eu-ecolabel-et-green-deal-europeen\/","title":{"rendered":"L\u2019\u00c9colabel Europ\u00e9en : un atout au service de la transition du secteur touristique en Europe dans un contexte de fragilisation du Pacte vert"},"content":{"rendered":"\t\t<div data-elementor-type=\"wp-post\" data-elementor-id=\"1042\" class=\"elementor elementor-1042\" data-elementor-post-type=\"post\">\n\t\t\t\t\t\t<section class=\"elementor-section elementor-top-section elementor-element elementor-element-6e6640a elementor-section-boxed elementor-section-height-default elementor-section-height-default wpr-particle-no wpr-jarallax-no wpr-parallax-no wpr-sticky-section-no wpr-equal-height-no\" data-id=\"6e6640a\" data-element_type=\"section\" data-e-type=\"section\" data-settings=\"{&quot;background_background&quot;:&quot;classic&quot;}\">\n\t\t\t\t\t\t\t<div class=\"elementor-background-overlay\"><\/div>\n\t\t\t\t\t\t\t<div class=\"elementor-container elementor-column-gap-no\">\n\t\t\t\t\t<div class=\"elementor-column elementor-col-100 elementor-top-column elementor-element elementor-element-813d571\" data-id=\"813d571\" data-element_type=\"column\" data-e-type=\"column\">\n\t\t\t<div class=\"elementor-widget-wrap elementor-element-populated\">\n\t\t\t\t\t\t<div class=\"elementor-element elementor-element-97968ef elementor-widget elementor-widget-spacer\" data-id=\"97968ef\" data-element_type=\"widget\" data-e-type=\"widget\" data-widget_type=\"spacer.default\">\n\t\t\t\t<div class=\"elementor-widget-container\">\n\t\t\t\t\t\t\t<div class=\"elementor-spacer\">\n\t\t\t<div class=\"elementor-spacer-inner\"><\/div>\n\t\t<\/div>\n\t\t\t\t\t\t<\/div>\n\t\t\t\t<\/div>\n\t\t\t\t<div class=\"elementor-element elementor-element-8ab61d3 elementor-widget elementor-widget-heading\" data-id=\"8ab61d3\" data-element_type=\"widget\" data-e-type=\"widget\" data-widget_type=\"heading.default\">\n\t\t\t\t<div class=\"elementor-widget-container\">\n\t\t\t\t\t<h1 class=\"elementor-heading-title elementor-size-default\">eu \u00e9colabel et green deal europ\u00e9en<\/h1>\t\t\t\t<\/div>\n\t\t\t\t<\/div>\n\t\t\t\t<section class=\"elementor-section elementor-inner-section elementor-element elementor-element-afcaa16 elementor-section-full_width elementor-section-height-default elementor-section-height-default wpr-particle-no wpr-jarallax-no wpr-parallax-no wpr-sticky-section-no wpr-equal-height-no\" data-id=\"afcaa16\" data-element_type=\"section\" data-e-type=\"section\">\n\t\t\t\t\t\t<div class=\"elementor-container elementor-column-gap-no\">\n\t\t\t\t\t<div class=\"elementor-column elementor-col-100 elementor-inner-column elementor-element elementor-element-8468fb4\" data-id=\"8468fb4\" data-element_type=\"column\" data-e-type=\"column\">\n\t\t\t<div class=\"elementor-widget-wrap elementor-element-populated\">\n\t\t\t\t\t\t<div class=\"elementor-element elementor-element-463a4cd elementor-widget elementor-widget-text-editor\" data-id=\"463a4cd\" data-element_type=\"widget\" data-e-type=\"widget\" data-widget_type=\"text-editor.default\">\n\t\t\t\t<div class=\"elementor-widget-container\">\n\t\t\t\t\t\t\t\t\t<p><span class=\"entry-author\">Publi\u00e9 par Pedro Gomes Lopes le <\/span><span class=\"entry-date\"><time class=\"entry-date published\" datetime=\"2025-02-12T17:23:16+00:00\">5 mars 2025<\/time><\/span><\/p>\t\t\t\t\t\t\t\t<\/div>\n\t\t\t\t<\/div>\n\t\t\t\t\t<\/div>\n\t\t<\/div>\n\t\t\t\t\t<\/div>\n\t\t<\/section>\n\t\t\t\t\t<\/div>\n\t\t<\/div>\n\t\t\t\t\t<\/div>\n\t\t<\/section>\n\t\t<div class=\"elementor-element elementor-element-6422b5e0 e-flex e-con-boxed wpr-particle-no wpr-jarallax-no wpr-parallax-no wpr-sticky-section-no wpr-equal-height-no e-con e-parent\" data-id=\"6422b5e0\" data-element_type=\"container\" data-e-type=\"container\">\n\t\t\t\t\t<div class=\"e-con-inner\">\n\t\t\t\t<div class=\"elementor-element elementor-element-362c6b71 elementor-widget elementor-widget-text-editor\" data-id=\"362c6b71\" data-element_type=\"widget\" data-e-type=\"widget\" data-widget_type=\"text-editor.default\">\n\t\t\t\t<div class=\"elementor-widget-container\">\n\t\t\t\t\t\t\t\t\t<figure class=\"wp-block-image size-full\"><\/figure>\n<figure class=\"wp-block-image size-full\">Photos d&rsquo;\u00e9tablissements d&rsquo;h\u00e9bergement touristique accompagn\u00e9s par The Swarm Initiative dans leur processus de certification EU Ecolabel financ\u00e9 par l&rsquo;ADEME \u00e0 80%.<\/figure>\n<figure><\/figure>\n<figure class=\"wp-block-image size-full\">Le Pacte Vert pour l\u2019Europe (1), initi\u00e9 par la Commission europ\u00e9enne en 2019, constitue une feuille de route ambitieuse pour faire de l&rsquo;Europe le premier continent climatiquement neutre d&rsquo;ici 2050. Cependant, ces derniers mois, cette dynamique est remise en question par de nouvelles strat\u00e9gies de comp\u00e9titivit\u00e9 qui tendent \u00e0 rel\u00e9guer la durabilit\u00e9 au second plan. Dans ce contexte incertain, l\u2019\u00c9colabel Europ\u00e9en \u00e9merge comme un instrument r\u00e9sistant et efficace pour ancrer la transition \u00e9cologique du secteur touristique europ\u00e9en.<\/figure>\n<p><!-- \/wp:paragraph --><!-- wp:paragraph --><\/p>\n<p><strong>Le pacte vert : une ambition en p\u00e9ril<\/strong><\/p>\n<p><!-- \/wp:paragraph --><!-- wp:paragraph --><\/p>\n<p>Con\u00e7u pour r\u00e9duire les \u00e9missions nettes de gaz \u00e0 effet de serre d\u2019au moins 55 % d\u2019ici 2030 et atteindre la neutralit\u00e9 carbone en 2050, le Pacte Vert s\u2019appuie sur plusieurs piliers strat\u00e9giques : la transition \u00e9nerg\u00e9tique, la r\u00e9novation des b\u00e2timents, la mobilit\u00e9 durable et la consommation responsable. Toutefois, face \u00e0 des tensions \u00e9conomiques et g\u00e9opolitiques croissantes, certains \u00c9tats membres et acteurs \u00e9conomiques militent pour des ajustements strat\u00e9giques qui pourraient affaiblir cette ambition. Le risque est de revenir \u00e0 une vision o\u00f9 la comp\u00e9titivit\u00e9 pr\u00e9vaut sur la durabilit\u00e9, mettant en p\u00e9ril des avanc\u00e9es majeures telles que la double mat\u00e9rialit\u00e9 dans le reporting extra-financier des entreprises. Le Pacte vert a \u00e9t\u00e9 un tournant majeur pour la gouvernance europ\u00e9enne, permettant de s&rsquo;attaquer \u00e0 de grands d\u00e9fis mondiaux tout en poursuivant une approche \u00e9coresponsable. Cependant, si cette dynamique est remise en question, la Chine pourrait bien en prendre la rel\u00e8ve \u00e0 notre d\u00e9triment, comme le soulignent Rambaud et Durand (2025) (2).<\/p>\n<p><!-- \/wp:paragraph --><!-- wp:paragraph --><\/p>\n<p><strong>L\u2019\u00e9colabel europ\u00e9en : un rempart contre l\u2019affaiblissement des engagements environnementaux<\/strong><\/p>\n<p><!-- \/wp:paragraph --><!-- wp:paragraph --><\/p>\n<p>Dans ce contexte de fragilisation des engagements environnementaux, nous d\u00e9fendons que l\u2019Ecolabel europ\u00e9en constitue un outil r\u00e9sistant et structurant pour accompagner la transition \u00e9cologique europ\u00e9enne et que sa diffusion doit \u00eatre renforc\u00e9e. Cr\u00e9e en 1992, l\u2019\u00e9colabel officiel de l\u2019UE repose sur des crit\u00e8res stricts couvrant l\u2019ensemble du cycle de vie des produits et services, garantissant ainsi un impact environnemental r\u00e9duit. Il est un levier essentiel pour favoriser une consommation et une production plus responsables. Dans le secteur touristique sur lequel nous travaillons, l\u2019Ecolabel europ\u00e9en s\u2019applique aux h\u00e9bergements qui adoptent des pratiques \u00e9coresponsables en mati\u00e8re de gestion de l&rsquo;eau, de l\u2019\u00e9nergie, des d\u00e9chets et d&rsquo;utilisation de produits respectueux de l&rsquo;environnement.<\/p>\n<p><!-- \/wp:paragraph --><!-- wp:paragraph --><\/p>\n<p>Ce label permet aux consommateurs d\u2019identifier des offres h\u00f4teli\u00e8res et touristiques plus durables et favorise ainsi l\u2019adoption de comportements plus vertueux par les h\u00f4teliers, les clients et leurs fournisseurs. Bien qu\u2019il ne requi\u00e8re pas le reporting d\u00e9taill\u00e9 de la CSRD, il joue un r\u00f4le cl\u00e9 dans l&rsquo;am\u00e9lioration des r\u00e9sultats environnementaux, m\u00eame dans un contexte o\u00f9 les ambitions de reporting sont r\u00e9duites. La limite, qui n&rsquo;en est pas n\u00e9cessairement une, r\u00e9side dans le fait que le label met davantage l&rsquo;accent sur les obligations de moyens plut\u00f4t que sur des r\u00e9sultats concrets. Cela signifie qu&rsquo;il valorise les efforts engag\u00e9s par les acteurs du secteur, mais sans garantir l&rsquo;exhaustivit\u00e9 et les exigences d\u2019un reporting de la nature de la CSRD en mati\u00e8re de durabilit\u00e9.<\/p>\n<p><!-- \/wp:paragraph --><!-- wp:paragraph --><\/p>\n<p><strong>Une r\u00e9ponse adapt\u00e9e aux nouvelles attentes des acteurs du secteur touristique<\/strong><\/p>\n<p><!-- \/wp:paragraph --><!-- wp:paragraph --><\/p>\n<p>Pour faire \u00e9voluer le secteur touristique, une forte \u00e9thique de durabilit\u00e9 ne suffit pas. Il est essentiel de pr\u00eater attention aux acteurs de terrain et de comprendre les grandes tendances du secteur au-del\u00e0 de la dimension durable. L&rsquo;objectif est de capitaliser sur ces tendances et d&rsquo;int\u00e9grer la durabilit\u00e9 a tous les niveaux, parfois de mani\u00e8re l\u00e9g\u00e8re, parfois plus marqu\u00e9e. Le rapport hospitality outlook 2025 de la fameuse \u00e9cole h\u00f4teli\u00e8re EHL confirme que le secteur est en pleine mutation, avec la digitalisation, l&rsquo;exp\u00e9rience immersive et le bien-\u00eatre des employ\u00e9s comme enjeux cl\u00e9s.<\/p>\n<p><!-- \/wp:paragraph --><!-- wp:paragraph --><\/p>\n<p>L\u2019Ecolabel europ\u00e9en r\u00e9pond a ces transformations en int\u00e9grant \u00e0 la fois qualit\u00e9 et durabilit\u00e9. Par exemple :<br \/>\u2022 Exp\u00e9riences immersives et durables : les h\u00f4tels certifi\u00e9s Ecolabel europ\u00e9en peuvent par exemple valoriser des offres int\u00e9grant le contact avec nature, la gastronomie et les produits locaux de qualit\u00e9 et des activit\u00e9s \u00e9coresponsables.<br \/>\u2022 Utilisation des donn\u00e9es et de l\u2019intelligence artificielle (IA) : la digitalisation des services h\u00f4teliers permet une optimisation de la consommation d\u2019\u00e9nergie et des ressources.<br \/>\u2022 Bien-\u00eatre des employ\u00e9s : la transition \u00e9cologique est aussi sociale. Les \u00e9tablissements engag\u00e9s dans une d\u00e9marche durable favorisent de meilleures conditions de travail et une gestion plus responsable des ressources humaines.<\/p>\n<p><!-- \/wp:paragraph --><!-- wp:paragraph --><\/p>\n<p><strong>The Swarm Initiative : un acteur cl\u00e9 de la promotion de l\u2019\u00e9colabel europ\u00e9en pour les \u00e9tablissements d\u2019h\u00e9bergement touristique<\/strong><\/p>\n<p><!-- \/wp:paragraph --><!-- wp:paragraph --><\/p>\n<p>Dans cette dynamique, the Swarm Initiative est un partenaire conseil qui joue un r\u00f4le strat\u00e9gique en facilitant l&rsquo;adoption de l\u2019Ecolabel europ\u00e9en par les acteurs du secteur h\u00f4telier. Notre cabinet accompagne les entreprises dans leur transition environnementale en mettant \u00e0 disposition des outils de gestion, de formation, de pilotage et de mise en conformit\u00e9, en soutenant le partage de bonnes pratiques et en favorisant l\u2019\u00e9mergence d\u2019un r\u00e9seau d\u2019acteurs engag\u00e9s pour un tourisme plus durable.<\/p>\n<p><!-- \/wp:paragraph --><!-- wp:paragraph --><\/p>\n<p>Face \u00e0 l&rsquo;incertitude qui plane sur l&rsquo;avenir du pacte vert europ\u00e9en, l\u2019Ecolabel europ\u00e9en constitue un v\u00e9ritable rempart contre le retour \u00e0 une comp\u00e9titivit\u00e9 d\u00e9connect\u00e9e des enjeux environnementaux. Dans le secteur touristique, il permet de maintenir le cap vers une transition \u00e9cologique s\u00e9rieuse, tout en r\u00e9pondant aux nouvelles attentes des consommateurs et aux tendances de l\u2019industrie h\u00f4teli\u00e8re. En soutenant activement l\u2019adoption de ce label, les acteurs du tourisme ne se contentent pas de r\u00e9pondre aux exigences r\u00e8glementaires, mais s\u2019inscrivent dans une strat\u00e9gie de diff\u00e9renciation et de cr\u00e9ation de valeur robuste et durable. A l&rsquo;int\u00e9rieur de la troisi\u00e8me voie europ\u00e9enne \u00e9voqu\u00e9e par Rambaud et Durand (1), deux options compl\u00e9mentaires s&rsquo;offrent \u00e0 nous : une approche r\u00e8glementaire et une autre fond\u00e9e sur l\u2019engagement volontaire des acteurs sur des \u00e9l\u00e9ments pr\u00e9cis, observables et impactants. Ces deux voies se renforcent mutuellement. Toutefois, face \u00e0 une r\u00e8glementation en panne, notre r\u00f4le, ainsi que celui des autres acteurs de l\u2019ESS qui luttent pour transformer leur march\u00e9, devient plus crucial que jamais. Pour surmonter les obstacles li\u00e9s a la lente \u00e9volution des r\u00e8glementations RSE, il nous appartient de d\u00e9velopper de nouvelles alternatives durables et de convaincre les acteurs \u00e9conomiques d\u2019adopter des mod\u00e8les plus responsables. C\u2019est une de nos grandes missions !<\/p>\n<p><!-- \/wp:paragraph --><!-- wp:paragraph --><\/p>\n<p><a href=\"https:\/\/commission.europa.eu\/strategy-and-policy\/priorities-2019-2024\/european-green-deal_fr\">(1) Notre ambition: \u00eatre le premier continent neutre pour le climat<br \/><\/a><a href=\"https:\/\/www.novethic.fr\/economie-et-social\/transformation-de-leconomie\/tribune-renoncer-green-deal-troisieme-voie-europe\">(2) Renoncer au Pacte Vert et \u00e0 la CSRD, c\u2019est renoncer \u00e0 l\u2019ambition et l\u2019influence de l\u2019Union europ\u00e9enne (publi\u00e9 sur Novethic de 25 f\u00e9vrier 2025)<\/a><br \/><a href=\"https:\/\/hospitalityinsights.ehl.edu\/hubfs\/blog-ehl-insights\/documents-ehl-insights\/hospitalityoutlook2025_insightsreport.pdf?utm_campaign=ehl%20insights&amp;utm_source=hospitality%20outlook%202025&amp;utm_medium=cta%20banner\">(3) EHL INSIGHTS REPORT \u00ab\u00a0Hospitality Outlook 2025\u00a0\u00bb<\/a><\/p>\n<p><!-- \/wp:paragraph --><!-- wp:paragraph --><\/p>\n<p><strong>Et vous, pr\u00eat \u00e0 passer \u00e0 l\u2019action ?<\/strong><br \/>Pour concevoir et d\u00e9ployer une strat\u00e9gie environnementale adapt\u00e9e \u00e0 votre activit\u00e9 h\u00f4teli\u00e8re, appuyez-vous sur la certification <strong>Ecolabel europ\u00e9en<\/strong>.<\/p>\n<p><!-- \/wp:paragraph --><!-- wp:paragraph --><\/p>\n<p><strong>Contactez-nous d\u00e8s aujourd\u2019hui et faites la diff\u00e9rence !<\/strong><\/p>\n<p><!-- \/wp:paragraph --><!-- wp:paragraph --><\/p>\n<p><!-- \/wp:paragraph --><!-- wp:paragraph --><\/p>\n<p><!-- \/wp:paragraph --><\/p>\t\t\t\t\t\t\t\t<\/div>\n\t\t\t\t<\/div>\n\t\t\t\t\t<\/div>\n\t\t\t\t<\/div>\n\t\t\t\t<\/div>\n\t\t","protected":false},"excerpt":{"rendered":"<p>eu \u00e9colabel et green deal europ\u00e9en Publi\u00e9 par Pedro Gomes Lopes le 5 mars 2025 Photos d&rsquo;\u00e9tablissements d&rsquo;h\u00e9bergement touristique accompagn\u00e9s par The Swarm Initiative dans leur processus de certification EU Ecolabel financ\u00e9 par l&rsquo;ADEME \u00e0 80%. Le Pacte Vert pour l\u2019Europe (1), initi\u00e9 par la Commission europ\u00e9enne en 2019, constitue une feuille de route ambitieuse pour faire de l&rsquo;Europe le premier continent climatiquement neutre d&rsquo;ici 2050. Cependant, ces derniers mois, cette dynamique est remise en question par de nouvelles strat\u00e9gies de comp\u00e9titivit\u00e9 qui tendent \u00e0 rel\u00e9guer la durabilit\u00e9 au second plan. Dans ce contexte incertain, l\u2019\u00c9colabel Europ\u00e9en \u00e9merge comme un instrument r\u00e9sistant et efficace pour ancrer la transition \u00e9cologique du secteur touristique europ\u00e9en. Le pacte vert : une ambition en p\u00e9ril Con\u00e7u pour r\u00e9duire les \u00e9missions nettes de gaz \u00e0 effet de serre d\u2019au moins 55 % d\u2019ici 2030 et atteindre la neutralit\u00e9 carbone en 2050, le Pacte Vert s\u2019appuie sur plusieurs piliers strat\u00e9giques : la transition \u00e9nerg\u00e9tique, la r\u00e9novation des b\u00e2timents, la mobilit\u00e9 durable et la consommation responsable. Toutefois, face \u00e0 des tensions \u00e9conomiques et g\u00e9opolitiques croissantes, certains \u00c9tats membres et acteurs \u00e9conomiques militent pour des ajustements strat\u00e9giques qui pourraient affaiblir cette ambition. Le risque est de revenir \u00e0 une vision o\u00f9 la comp\u00e9titivit\u00e9 pr\u00e9vaut sur la durabilit\u00e9, mettant en p\u00e9ril des avanc\u00e9es majeures telles que la double mat\u00e9rialit\u00e9 dans le reporting extra-financier des entreprises. Le Pacte vert a \u00e9t\u00e9 un tournant majeur pour la gouvernance europ\u00e9enne, permettant de s&rsquo;attaquer \u00e0 de grands d\u00e9fis mondiaux tout en poursuivant une approche \u00e9coresponsable. Cependant, si cette dynamique est remise en question, la Chine pourrait bien en prendre la rel\u00e8ve \u00e0 notre d\u00e9triment, comme le soulignent Rambaud et Durand (2025) (2). L\u2019\u00e9colabel europ\u00e9en : un rempart contre l\u2019affaiblissement des engagements environnementaux Dans ce contexte de fragilisation des engagements environnementaux, nous d\u00e9fendons que l\u2019Ecolabel europ\u00e9en constitue un outil r\u00e9sistant et structurant pour accompagner la transition \u00e9cologique europ\u00e9enne et que sa diffusion doit \u00eatre renforc\u00e9e. Cr\u00e9e en 1992, l\u2019\u00e9colabel officiel de l\u2019UE repose sur des crit\u00e8res stricts couvrant l\u2019ensemble du cycle de vie des produits et services, garantissant ainsi un impact environnemental r\u00e9duit. Il est un levier essentiel pour favoriser une consommation et une production plus responsables. Dans le secteur touristique sur lequel nous travaillons, l\u2019Ecolabel europ\u00e9en s\u2019applique aux h\u00e9bergements qui adoptent des pratiques \u00e9coresponsables en mati\u00e8re de gestion de l&rsquo;eau, de l\u2019\u00e9nergie, des d\u00e9chets et d&rsquo;utilisation de produits respectueux de l&rsquo;environnement. Ce label permet aux consommateurs d\u2019identifier des offres h\u00f4teli\u00e8res et touristiques plus durables et favorise ainsi l\u2019adoption de comportements plus vertueux par les h\u00f4teliers, les clients et leurs fournisseurs. Bien qu\u2019il ne requi\u00e8re pas le reporting d\u00e9taill\u00e9 de la CSRD, il joue un r\u00f4le cl\u00e9 dans l&rsquo;am\u00e9lioration des r\u00e9sultats environnementaux, m\u00eame dans un contexte o\u00f9 les ambitions de reporting sont r\u00e9duites. La limite, qui n&rsquo;en est pas n\u00e9cessairement une, r\u00e9side dans le fait que le label met davantage l&rsquo;accent sur les obligations de moyens plut\u00f4t que sur des r\u00e9sultats concrets. Cela signifie qu&rsquo;il valorise les efforts engag\u00e9s par les acteurs du secteur, mais sans garantir l&rsquo;exhaustivit\u00e9 et les exigences d\u2019un reporting de la nature de la CSRD en mati\u00e8re de durabilit\u00e9. Une r\u00e9ponse adapt\u00e9e aux nouvelles attentes des acteurs du secteur touristique Pour faire \u00e9voluer le secteur touristique, une forte \u00e9thique de durabilit\u00e9 ne suffit pas. Il est essentiel de pr\u00eater attention aux acteurs de terrain et de comprendre les grandes tendances du secteur au-del\u00e0 de la dimension durable. L&rsquo;objectif est de capitaliser sur ces tendances et d&rsquo;int\u00e9grer la durabilit\u00e9 a tous les niveaux, parfois de mani\u00e8re l\u00e9g\u00e8re, parfois plus marqu\u00e9e. Le rapport hospitality outlook 2025 de la fameuse \u00e9cole h\u00f4teli\u00e8re EHL confirme que le secteur est en pleine mutation, avec la digitalisation, l&rsquo;exp\u00e9rience immersive et le bien-\u00eatre des employ\u00e9s comme enjeux cl\u00e9s. L\u2019Ecolabel europ\u00e9en r\u00e9pond a ces transformations en int\u00e9grant \u00e0 la fois qualit\u00e9 et durabilit\u00e9. Par exemple :\u2022 Exp\u00e9riences immersives et durables : les h\u00f4tels certifi\u00e9s Ecolabel europ\u00e9en peuvent par exemple valoriser des offres int\u00e9grant le contact avec nature, la gastronomie et les produits locaux de qualit\u00e9 et des activit\u00e9s \u00e9coresponsables.\u2022 Utilisation des donn\u00e9es et de l\u2019intelligence artificielle (IA) : la digitalisation des services h\u00f4teliers permet une optimisation de la consommation d\u2019\u00e9nergie et des ressources.\u2022 Bien-\u00eatre des employ\u00e9s : la transition \u00e9cologique est aussi sociale. Les \u00e9tablissements engag\u00e9s dans une d\u00e9marche durable favorisent de meilleures conditions de travail et une gestion plus responsable des ressources humaines. The Swarm Initiative : un acteur cl\u00e9 de la promotion de l\u2019\u00e9colabel europ\u00e9en pour les \u00e9tablissements d\u2019h\u00e9bergement touristique Dans cette dynamique, the Swarm Initiative est un partenaire conseil qui joue un r\u00f4le strat\u00e9gique en facilitant l&rsquo;adoption de l\u2019Ecolabel europ\u00e9en par les acteurs du secteur h\u00f4telier. Notre cabinet accompagne les entreprises dans leur transition environnementale en mettant \u00e0 disposition des outils de gestion, de formation, de pilotage et de mise en conformit\u00e9, en soutenant le partage de bonnes pratiques et en favorisant l\u2019\u00e9mergence d\u2019un r\u00e9seau d\u2019acteurs engag\u00e9s pour un tourisme plus durable. Face \u00e0 l&rsquo;incertitude qui plane sur l&rsquo;avenir du pacte vert europ\u00e9en, l\u2019Ecolabel europ\u00e9en constitue un v\u00e9ritable rempart contre le retour \u00e0 une comp\u00e9titivit\u00e9 d\u00e9connect\u00e9e des enjeux environnementaux. Dans le secteur touristique, il permet de maintenir le cap vers une transition \u00e9cologique s\u00e9rieuse, tout en r\u00e9pondant aux nouvelles attentes des consommateurs et aux tendances de l\u2019industrie h\u00f4teli\u00e8re. En soutenant activement l\u2019adoption de ce label, les acteurs du tourisme ne se contentent pas de r\u00e9pondre aux exigences r\u00e8glementaires, mais s\u2019inscrivent dans une strat\u00e9gie de diff\u00e9renciation et de cr\u00e9ation de valeur robuste et durable. A l&rsquo;int\u00e9rieur de la troisi\u00e8me voie europ\u00e9enne \u00e9voqu\u00e9e par Rambaud et Durand (1), deux options compl\u00e9mentaires s&rsquo;offrent \u00e0 nous : une approche r\u00e8glementaire et une autre fond\u00e9e sur l\u2019engagement volontaire des acteurs sur des \u00e9l\u00e9ments pr\u00e9cis, observables et impactants. Ces deux voies se renforcent mutuellement. Toutefois, face \u00e0 une r\u00e8glementation en panne, notre r\u00f4le, ainsi que celui des autres acteurs de l\u2019ESS qui luttent pour transformer leur march\u00e9, devient plus crucial que jamais. Pour surmonter les obstacles li\u00e9s a la lente \u00e9volution des r\u00e8glementations RSE, il nous appartient de d\u00e9velopper de &hellip; <\/p>\n<p class=\"link-more\"><a href=\"https:\/\/the-swarm.eu\/index.php\/2025\/03\/05\/eu-ecolabel-et-green-deal-europeen\/\" class=\"more-link\">Lire la suite de<span class=\"screen-reader-text\">\u00ab\u00a0L\u2019\u00c9colabel Europ\u00e9en : un atout au service de la transition du secteur touristique en Europe dans un contexte de fragilisation du Pacte vert\u00a0\u00bb<\/span><\/a><\/p>\n","protected":false},"author":2,"featured_media":1317,"comment_status":"closed","ping_status":"open","sticky":false,"template":"elementor_header_footer","format":"standard","meta":{"_jetpack_memberships_contains_paid_content":false,"footnotes":""},"categories":[1],"tags":[],"class_list":["post-1042","post","type-post","status-publish","format-standard","has-post-thumbnail","hentry","category-rse"],"yoast_head":"<!-- This site is optimized with the Yoast SEO plugin v27.5 - https:\/\/yoast.com\/product\/yoast-seo-wordpress\/ -->\n<title>L\u2019\u00c9colabel Europ\u00e9en : un atout au service de la transition du secteur touristique en Europe dans un contexte de fragilisation du Pacte vert - The Swarm<\/title>\n<meta name=\"description\" content=\"Cr\u00e9e en 1992, l\u2019\u00e9colabel officiel de l\u2019UE repose sur des crit\u00e8res stricts couvrant l\u2019ensemble du cycle de vie des produits et services.\" \/>\n<meta name=\"robots\" content=\"index, follow, max-snippet:-1, max-image-preview:large, max-video-preview:-1\" \/>\n<link rel=\"canonical\" href=\"https:\/\/the-swarm.eu\/index.php\/2025\/03\/05\/eu-ecolabel-et-green-deal-europeen\/\" \/>\n<meta property=\"og:locale\" content=\"fr_FR\" \/>\n<meta property=\"og:type\" content=\"article\" \/>\n<meta property=\"og:title\" content=\"L\u2019\u00c9colabel Europ\u00e9en : un atout au service de la transition du secteur touristique en Europe dans un contexte de fragilisation du Pacte vert\" \/>\n<meta property=\"og:description\" content=\"Cr\u00e9e en 1992, l\u2019\u00e9colabel officiel de l\u2019UE repose sur des crit\u00e8res stricts couvrant l\u2019ensemble du cycle de vie des produits et services.\" \/>\n<meta property=\"og:url\" content=\"https:\/\/the-swarm.eu\/index.php\/2025\/03\/05\/eu-ecolabel-et-green-deal-europeen\/\" \/>\n<meta property=\"og:site_name\" content=\"The Swarm\" \/>\n<meta property=\"article:published_time\" content=\"2025-03-05T15:21:00+00:00\" \/>\n<meta property=\"article:modified_time\" content=\"2025-04-24T08:10:42+00:00\" \/>\n<meta property=\"og:image\" content=\"https:\/\/the-swarm.eu\/wp-content\/uploads\/2025\/02\/Copie-de-Webinar-Ecolabel-2024-Annonce-publicitaire-LinkedIn-a-une-seule-i_20250216_043018_0000-1.png\" \/>\n\t<meta property=\"og:image:width\" content=\"1200\" \/>\n\t<meta property=\"og:image:height\" content=\"627\" \/>\n\t<meta property=\"og:image:type\" content=\"image\/png\" \/>\n<meta name=\"author\" content=\"Pedro Gomes Lopes\" \/>\n<meta name=\"twitter:card\" content=\"summary_large_image\" \/>\n<meta name=\"twitter:label1\" content=\"\u00c9crit par\" \/>\n\t<meta name=\"twitter:data1\" content=\"Pedro Gomes Lopes\" \/>\n<script type=\"application\/ld+json\" class=\"yoast-schema-graph\">{\"@context\":\"https:\\\/\\\/schema.org\",\"@graph\":[{\"@type\":\"Article\",\"@id\":\"https:\\\/\\\/the-swarm.eu\\\/index.php\\\/2025\\\/03\\\/05\\\/eu-ecolabel-et-green-deal-europeen\\\/#article\",\"isPartOf\":{\"@id\":\"https:\\\/\\\/the-swarm.eu\\\/index.php\\\/2025\\\/03\\\/05\\\/eu-ecolabel-et-green-deal-europeen\\\/\"},\"author\":{\"name\":\"Pedro Gomes Lopes\",\"@id\":\"https:\\\/\\\/the-swarm.eu\\\/#\\\/schema\\\/person\\\/4f3930239a7c9b1f2787af97b906dc15\"},\"headline\":\"L\u2019\u00c9colabel Europ\u00e9en : un atout au service de la transition du secteur touristique en Europe dans un contexte de fragilisation du Pacte vert\",\"datePublished\":\"2025-03-05T15:21:00+00:00\",\"dateModified\":\"2025-04-24T08:10:42+00:00\",\"mainEntityOfPage\":{\"@id\":\"https:\\\/\\\/the-swarm.eu\\\/index.php\\\/2025\\\/03\\\/05\\\/eu-ecolabel-et-green-deal-europeen\\\/\"},\"wordCount\":1268,\"publisher\":{\"@id\":\"https:\\\/\\\/the-swarm.eu\\\/#organization\"},\"image\":{\"@id\":\"https:\\\/\\\/the-swarm.eu\\\/index.php\\\/2025\\\/03\\\/05\\\/eu-ecolabel-et-green-deal-europeen\\\/#primaryimage\"},\"thumbnailUrl\":\"https:\\\/\\\/the-swarm.eu\\\/wp-content\\\/uploads\\\/2025\\\/02\\\/Copie-de-Webinar-Ecolabel-2024-Annonce-publicitaire-LinkedIn-a-une-seule-i_20250216_043018_0000-1.png\",\"articleSection\":[\"H\u00f4tellerie responsable et durable\"],\"inLanguage\":\"fr-FR\"},{\"@type\":\"WebPage\",\"@id\":\"https:\\\/\\\/the-swarm.eu\\\/index.php\\\/2025\\\/03\\\/05\\\/eu-ecolabel-et-green-deal-europeen\\\/\",\"url\":\"https:\\\/\\\/the-swarm.eu\\\/index.php\\\/2025\\\/03\\\/05\\\/eu-ecolabel-et-green-deal-europeen\\\/\",\"name\":\"L\u2019\u00c9colabel Europ\u00e9en : un atout au service de la transition du secteur touristique en Europe dans un contexte de fragilisation du Pacte vert - The Swarm\",\"isPartOf\":{\"@id\":\"https:\\\/\\\/the-swarm.eu\\\/#website\"},\"primaryImageOfPage\":{\"@id\":\"https:\\\/\\\/the-swarm.eu\\\/index.php\\\/2025\\\/03\\\/05\\\/eu-ecolabel-et-green-deal-europeen\\\/#primaryimage\"},\"image\":{\"@id\":\"https:\\\/\\\/the-swarm.eu\\\/index.php\\\/2025\\\/03\\\/05\\\/eu-ecolabel-et-green-deal-europeen\\\/#primaryimage\"},\"thumbnailUrl\":\"https:\\\/\\\/the-swarm.eu\\\/wp-content\\\/uploads\\\/2025\\\/02\\\/Copie-de-Webinar-Ecolabel-2024-Annonce-publicitaire-LinkedIn-a-une-seule-i_20250216_043018_0000-1.png\",\"datePublished\":\"2025-03-05T15:21:00+00:00\",\"dateModified\":\"2025-04-24T08:10:42+00:00\",\"description\":\"Cr\u00e9e en 1992, l\u2019\u00e9colabel officiel de l\u2019UE repose sur des crit\u00e8res stricts couvrant l\u2019ensemble du cycle de vie des produits et services.\",\"breadcrumb\":{\"@id\":\"https:\\\/\\\/the-swarm.eu\\\/index.php\\\/2025\\\/03\\\/05\\\/eu-ecolabel-et-green-deal-europeen\\\/#breadcrumb\"},\"inLanguage\":\"fr-FR\",\"potentialAction\":[{\"@type\":\"ReadAction\",\"target\":[\"https:\\\/\\\/the-swarm.eu\\\/index.php\\\/2025\\\/03\\\/05\\\/eu-ecolabel-et-green-deal-europeen\\\/\"]}]},{\"@type\":\"ImageObject\",\"inLanguage\":\"fr-FR\",\"@id\":\"https:\\\/\\\/the-swarm.eu\\\/index.php\\\/2025\\\/03\\\/05\\\/eu-ecolabel-et-green-deal-europeen\\\/#primaryimage\",\"url\":\"https:\\\/\\\/the-swarm.eu\\\/wp-content\\\/uploads\\\/2025\\\/02\\\/Copie-de-Webinar-Ecolabel-2024-Annonce-publicitaire-LinkedIn-a-une-seule-i_20250216_043018_0000-1.png\",\"contentUrl\":\"https:\\\/\\\/the-swarm.eu\\\/wp-content\\\/uploads\\\/2025\\\/02\\\/Copie-de-Webinar-Ecolabel-2024-Annonce-publicitaire-LinkedIn-a-une-seule-i_20250216_043018_0000-1.png\",\"width\":1200,\"height\":627},{\"@type\":\"BreadcrumbList\",\"@id\":\"https:\\\/\\\/the-swarm.eu\\\/index.php\\\/2025\\\/03\\\/05\\\/eu-ecolabel-et-green-deal-europeen\\\/#breadcrumb\",\"itemListElement\":[{\"@type\":\"ListItem\",\"position\":1,\"name\":\"Home\",\"item\":\"https:\\\/\\\/the-swarm.eu\\\/\"},{\"@type\":\"ListItem\",\"position\":2,\"name\":\"L\u2019\u00c9colabel Europ\u00e9en : un atout au service de la transition du secteur touristique en Europe dans un contexte de fragilisation du Pacte vert\"}]},{\"@type\":\"WebSite\",\"@id\":\"https:\\\/\\\/the-swarm.eu\\\/#website\",\"url\":\"https:\\\/\\\/the-swarm.eu\\\/\",\"name\":\"The Swarm Initiative\",\"description\":\"Nous aidons les h\u00f4tels \u00e0 faire de la RSE une source de valeur et de sens\",\"publisher\":{\"@id\":\"https:\\\/\\\/the-swarm.eu\\\/#organization\"},\"potentialAction\":[{\"@type\":\"SearchAction\",\"target\":{\"@type\":\"EntryPoint\",\"urlTemplate\":\"https:\\\/\\\/the-swarm.eu\\\/?s={search_term_string}\"},\"query-input\":{\"@type\":\"PropertyValueSpecification\",\"valueRequired\":true,\"valueName\":\"search_term_string\"}}],\"inLanguage\":\"fr-FR\"},{\"@type\":\"Organization\",\"@id\":\"https:\\\/\\\/the-swarm.eu\\\/#organization\",\"name\":\"The Swarm Initiative\",\"url\":\"https:\\\/\\\/the-swarm.eu\\\/\",\"logo\":{\"@type\":\"ImageObject\",\"inLanguage\":\"fr-FR\",\"@id\":\"https:\\\/\\\/the-swarm.eu\\\/#\\\/schema\\\/logo\\\/image\\\/\",\"url\":\"https:\\\/\\\/the-swarm.eu\\\/wp-content\\\/uploads\\\/2024\\\/01\\\/cropped-green_logo_transparent_background_resized_big_bgwhite.png\",\"contentUrl\":\"https:\\\/\\\/the-swarm.eu\\\/wp-content\\\/uploads\\\/2024\\\/01\\\/cropped-green_logo_transparent_background_resized_big_bgwhite.png\",\"width\":512,\"height\":512,\"caption\":\"The Swarm Initiative\"},\"image\":{\"@id\":\"https:\\\/\\\/the-swarm.eu\\\/#\\\/schema\\\/logo\\\/image\\\/\"},\"sameAs\":[\"https:\\\/\\\/www.linkedin.com\\\/company\\\/79558868\\\/\"]},{\"@type\":\"Person\",\"@id\":\"https:\\\/\\\/the-swarm.eu\\\/#\\\/schema\\\/person\\\/4f3930239a7c9b1f2787af97b906dc15\",\"name\":\"Pedro Gomes Lopes\",\"image\":{\"@type\":\"ImageObject\",\"inLanguage\":\"fr-FR\",\"@id\":\"https:\\\/\\\/secure.gravatar.com\\\/avatar\\\/b61bfaf3ded28fd143c6f278c3fd4ca5f97d253e7666740d7a31e77a745ff0a3?s=96&d=mm&r=g\",\"url\":\"https:\\\/\\\/secure.gravatar.com\\\/avatar\\\/b61bfaf3ded28fd143c6f278c3fd4ca5f97d253e7666740d7a31e77a745ff0a3?s=96&d=mm&r=g\",\"contentUrl\":\"https:\\\/\\\/secure.gravatar.com\\\/avatar\\\/b61bfaf3ded28fd143c6f278c3fd4ca5f97d253e7666740d7a31e77a745ff0a3?s=96&d=mm&r=g\",\"caption\":\"Pedro Gomes Lopes\"},\"url\":\"https:\\\/\\\/the-swarm.eu\\\/index.php\\\/author\\\/pgomes\\\/\"}]}<\/script>\n<!-- \/ Yoast SEO plugin. -->","yoast_head_json":{"title":"L\u2019\u00c9colabel Europ\u00e9en : un atout au service de la transition du secteur touristique en Europe dans un contexte de fragilisation du Pacte vert - The Swarm","description":"Cr\u00e9e en 1992, l\u2019\u00e9colabel officiel de l\u2019UE repose sur des crit\u00e8res stricts couvrant l\u2019ensemble du cycle de vie des produits et services.","robots":{"index":"index","follow":"follow","max-snippet":"max-snippet:-1","max-image-preview":"max-image-preview:large","max-video-preview":"max-video-preview:-1"},"canonical":"https:\/\/the-swarm.eu\/index.php\/2025\/03\/05\/eu-ecolabel-et-green-deal-europeen\/","og_locale":"fr_FR","og_type":"article","og_title":"L\u2019\u00c9colabel Europ\u00e9en : un atout au service de la transition du secteur touristique en Europe dans un contexte de fragilisation du Pacte vert","og_description":"Cr\u00e9e en 1992, l\u2019\u00e9colabel officiel de l\u2019UE repose sur des crit\u00e8res stricts couvrant l\u2019ensemble du cycle de vie des produits et services.","og_url":"https:\/\/the-swarm.eu\/index.php\/2025\/03\/05\/eu-ecolabel-et-green-deal-europeen\/","og_site_name":"The Swarm","article_published_time":"2025-03-05T15:21:00+00:00","article_modified_time":"2025-04-24T08:10:42+00:00","og_image":[{"width":1200,"height":627,"url":"https:\/\/the-swarm.eu\/wp-content\/uploads\/2025\/02\/Copie-de-Webinar-Ecolabel-2024-Annonce-publicitaire-LinkedIn-a-une-seule-i_20250216_043018_0000-1.png","type":"image\/png"}],"author":"Pedro Gomes Lopes","twitter_card":"summary_large_image","twitter_misc":{"\u00c9crit par":"Pedro Gomes Lopes"},"schema":{"@context":"https:\/\/schema.org","@graph":[{"@type":"Article","@id":"https:\/\/the-swarm.eu\/index.php\/2025\/03\/05\/eu-ecolabel-et-green-deal-europeen\/#article","isPartOf":{"@id":"https:\/\/the-swarm.eu\/index.php\/2025\/03\/05\/eu-ecolabel-et-green-deal-europeen\/"},"author":{"name":"Pedro Gomes Lopes","@id":"https:\/\/the-swarm.eu\/#\/schema\/person\/4f3930239a7c9b1f2787af97b906dc15"},"headline":"L\u2019\u00c9colabel Europ\u00e9en : un atout au service de la transition du secteur touristique en Europe dans un contexte de fragilisation du Pacte vert","datePublished":"2025-03-05T15:21:00+00:00","dateModified":"2025-04-24T08:10:42+00:00","mainEntityOfPage":{"@id":"https:\/\/the-swarm.eu\/index.php\/2025\/03\/05\/eu-ecolabel-et-green-deal-europeen\/"},"wordCount":1268,"publisher":{"@id":"https:\/\/the-swarm.eu\/#organization"},"image":{"@id":"https:\/\/the-swarm.eu\/index.php\/2025\/03\/05\/eu-ecolabel-et-green-deal-europeen\/#primaryimage"},"thumbnailUrl":"https:\/\/the-swarm.eu\/wp-content\/uploads\/2025\/02\/Copie-de-Webinar-Ecolabel-2024-Annonce-publicitaire-LinkedIn-a-une-seule-i_20250216_043018_0000-1.png","articleSection":["H\u00f4tellerie responsable et durable"],"inLanguage":"fr-FR"},{"@type":"WebPage","@id":"https:\/\/the-swarm.eu\/index.php\/2025\/03\/05\/eu-ecolabel-et-green-deal-europeen\/","url":"https:\/\/the-swarm.eu\/index.php\/2025\/03\/05\/eu-ecolabel-et-green-deal-europeen\/","name":"L\u2019\u00c9colabel Europ\u00e9en : un atout au service de la transition du secteur touristique en Europe dans un contexte de fragilisation du Pacte vert - The Swarm","isPartOf":{"@id":"https:\/\/the-swarm.eu\/#website"},"primaryImageOfPage":{"@id":"https:\/\/the-swarm.eu\/index.php\/2025\/03\/05\/eu-ecolabel-et-green-deal-europeen\/#primaryimage"},"image":{"@id":"https:\/\/the-swarm.eu\/index.php\/2025\/03\/05\/eu-ecolabel-et-green-deal-europeen\/#primaryimage"},"thumbnailUrl":"https:\/\/the-swarm.eu\/wp-content\/uploads\/2025\/02\/Copie-de-Webinar-Ecolabel-2024-Annonce-publicitaire-LinkedIn-a-une-seule-i_20250216_043018_0000-1.png","datePublished":"2025-03-05T15:21:00+00:00","dateModified":"2025-04-24T08:10:42+00:00","description":"Cr\u00e9e en 1992, l\u2019\u00e9colabel officiel de l\u2019UE repose sur des crit\u00e8res stricts couvrant l\u2019ensemble du cycle de vie des produits et services.","breadcrumb":{"@id":"https:\/\/the-swarm.eu\/index.php\/2025\/03\/05\/eu-ecolabel-et-green-deal-europeen\/#breadcrumb"},"inLanguage":"fr-FR","potentialAction":[{"@type":"ReadAction","target":["https:\/\/the-swarm.eu\/index.php\/2025\/03\/05\/eu-ecolabel-et-green-deal-europeen\/"]}]},{"@type":"ImageObject","inLanguage":"fr-FR","@id":"https:\/\/the-swarm.eu\/index.php\/2025\/03\/05\/eu-ecolabel-et-green-deal-europeen\/#primaryimage","url":"https:\/\/the-swarm.eu\/wp-content\/uploads\/2025\/02\/Copie-de-Webinar-Ecolabel-2024-Annonce-publicitaire-LinkedIn-a-une-seule-i_20250216_043018_0000-1.png","contentUrl":"https:\/\/the-swarm.eu\/wp-content\/uploads\/2025\/02\/Copie-de-Webinar-Ecolabel-2024-Annonce-publicitaire-LinkedIn-a-une-seule-i_20250216_043018_0000-1.png","width":1200,"height":627},{"@type":"BreadcrumbList","@id":"https:\/\/the-swarm.eu\/index.php\/2025\/03\/05\/eu-ecolabel-et-green-deal-europeen\/#breadcrumb","itemListElement":[{"@type":"ListItem","position":1,"name":"Home","item":"https:\/\/the-swarm.eu\/"},{"@type":"ListItem","position":2,"name":"L\u2019\u00c9colabel Europ\u00e9en : un atout au service de la transition du secteur touristique en Europe dans un contexte de fragilisation du Pacte vert"}]},{"@type":"WebSite","@id":"https:\/\/the-swarm.eu\/#website","url":"https:\/\/the-swarm.eu\/","name":"The Swarm Initiative","description":"Nous aidons les h\u00f4tels \u00e0 faire de la RSE une source de valeur et de sens","publisher":{"@id":"https:\/\/the-swarm.eu\/#organization"},"potentialAction":[{"@type":"SearchAction","target":{"@type":"EntryPoint","urlTemplate":"https:\/\/the-swarm.eu\/?s={search_term_string}"},"query-input":{"@type":"PropertyValueSpecification","valueRequired":true,"valueName":"search_term_string"}}],"inLanguage":"fr-FR"},{"@type":"Organization","@id":"https:\/\/the-swarm.eu\/#organization","name":"The Swarm Initiative","url":"https:\/\/the-swarm.eu\/","logo":{"@type":"ImageObject","inLanguage":"fr-FR","@id":"https:\/\/the-swarm.eu\/#\/schema\/logo\/image\/","url":"https:\/\/the-swarm.eu\/wp-content\/uploads\/2024\/01\/cropped-green_logo_transparent_background_resized_big_bgwhite.png","contentUrl":"https:\/\/the-swarm.eu\/wp-content\/uploads\/2024\/01\/cropped-green_logo_transparent_background_resized_big_bgwhite.png","width":512,"height":512,"caption":"The Swarm Initiative"},"image":{"@id":"https:\/\/the-swarm.eu\/#\/schema\/logo\/image\/"},"sameAs":["https:\/\/www.linkedin.com\/company\/79558868\/"]},{"@type":"Person","@id":"https:\/\/the-swarm.eu\/#\/schema\/person\/4f3930239a7c9b1f2787af97b906dc15","name":"Pedro Gomes Lopes","image":{"@type":"ImageObject","inLanguage":"fr-FR","@id":"https:\/\/secure.gravatar.com\/avatar\/b61bfaf3ded28fd143c6f278c3fd4ca5f97d253e7666740d7a31e77a745ff0a3?s=96&d=mm&r=g","url":"https:\/\/secure.gravatar.com\/avatar\/b61bfaf3ded28fd143c6f278c3fd4ca5f97d253e7666740d7a31e77a745ff0a3?s=96&d=mm&r=g","contentUrl":"https:\/\/secure.gravatar.com\/avatar\/b61bfaf3ded28fd143c6f278c3fd4ca5f97d253e7666740d7a31e77a745ff0a3?s=96&d=mm&r=g","caption":"Pedro Gomes Lopes"},"url":"https:\/\/the-swarm.eu\/index.php\/author\/pgomes\/"}]}},"jetpack_featured_media_url":"https:\/\/the-swarm.eu\/wp-content\/uploads\/2025\/02\/Copie-de-Webinar-Ecolabel-2024-Annonce-publicitaire-LinkedIn-a-une-seule-i_20250216_043018_0000-1.png","jetpack_sharing_enabled":true,"_links":{"self":[{"href":"https:\/\/the-swarm.eu\/index.php\/wp-json\/wp\/v2\/posts\/1042","targetHints":{"allow":["GET"]}}],"collection":[{"href":"https:\/\/the-swarm.eu\/index.php\/wp-json\/wp\/v2\/posts"}],"about":[{"href":"https:\/\/the-swarm.eu\/index.php\/wp-json\/wp\/v2\/types\/post"}],"author":[{"embeddable":true,"href":"https:\/\/the-swarm.eu\/index.php\/wp-json\/wp\/v2\/users\/2"}],"replies":[{"embeddable":true,"href":"https:\/\/the-swarm.eu\/index.php\/wp-json\/wp\/v2\/comments?post=1042"}],"version-history":[{"count":31,"href":"https:\/\/the-swarm.eu\/index.php\/wp-json\/wp\/v2\/posts\/1042\/revisions"}],"predecessor-version":[{"id":4118,"href":"https:\/\/the-swarm.eu\/index.php\/wp-json\/wp\/v2\/posts\/1042\/revisions\/4118"}],"wp:featuredmedia":[{"embeddable":true,"href":"https:\/\/the-swarm.eu\/index.php\/wp-json\/wp\/v2\/media\/1317"}],"wp:attachment":[{"href":"https:\/\/the-swarm.eu\/index.php\/wp-json\/wp\/v2\/media?parent=1042"}],"wp:term":[{"taxonomy":"category","embeddable":true,"href":"https:\/\/the-swarm.eu\/index.php\/wp-json\/wp\/v2\/categories?post=1042"},{"taxonomy":"post_tag","embeddable":true,"href":"https:\/\/the-swarm.eu\/index.php\/wp-json\/wp\/v2\/tags?post=1042"}],"curies":[{"name":"wp","href":"https:\/\/api.w.org\/{rel}","templated":true}]}}