{"id":2379,"date":"2025-03-16T14:06:52","date_gmt":"2025-03-16T14:06:52","guid":{"rendered":"https:\/\/the-swarm.eu\/?p=2379"},"modified":"2025-04-24T08:09:06","modified_gmt":"2025-04-24T08:09:06","slug":"les-enjeux-humains-et-sociaux-du-travail-des-femmes-de-chambre-sortir-de-lombre-un-metier-essentiel","status":"publish","type":"post","link":"https:\/\/the-swarm.eu\/index.php\/2025\/03\/16\/les-enjeux-humains-et-sociaux-du-travail-des-femmes-de-chambre-sortir-de-lombre-un-metier-essentiel\/","title":{"rendered":"Les enjeux humains et sociaux du travail des femmes de chambre : sortir de l\u2019ombre un m\u00e9tier essentiel"},"content":{"rendered":"\t\t<div data-elementor-type=\"wp-post\" data-elementor-id=\"2379\" class=\"elementor elementor-2379\" data-elementor-post-type=\"post\">\n\t\t\t\t\t\t<section class=\"elementor-section elementor-top-section elementor-element elementor-element-09fc456 elementor-section-boxed elementor-section-height-default elementor-section-height-default wpr-particle-no wpr-jarallax-no wpr-parallax-no wpr-sticky-section-no wpr-equal-height-no\" data-id=\"09fc456\" data-element_type=\"section\" data-e-type=\"section\" data-settings=\"{&quot;background_background&quot;:&quot;classic&quot;}\">\n\t\t\t\t\t\t\t<div class=\"elementor-background-overlay\"><\/div>\n\t\t\t\t\t\t\t<div class=\"elementor-container elementor-column-gap-no\">\n\t\t\t\t\t<div class=\"elementor-column elementor-col-100 elementor-top-column elementor-element elementor-element-56bc087\" data-id=\"56bc087\" data-element_type=\"column\" data-e-type=\"column\">\n\t\t\t<div class=\"elementor-widget-wrap elementor-element-populated\">\n\t\t\t\t\t\t<div class=\"elementor-element elementor-element-656dea7 elementor-widget elementor-widget-spacer\" data-id=\"656dea7\" data-element_type=\"widget\" data-e-type=\"widget\" data-widget_type=\"spacer.default\">\n\t\t\t\t<div class=\"elementor-widget-container\">\n\t\t\t\t\t\t\t<div class=\"elementor-spacer\">\n\t\t\t<div class=\"elementor-spacer-inner\"><\/div>\n\t\t<\/div>\n\t\t\t\t\t\t<\/div>\n\t\t\t\t<\/div>\n\t\t\t\t<div class=\"elementor-element elementor-element-4854c8f elementor-widget elementor-widget-heading\" data-id=\"4854c8f\" data-element_type=\"widget\" data-e-type=\"widget\" data-widget_type=\"heading.default\">\n\t\t\t\t<div class=\"elementor-widget-container\">\n\t\t\t\t\t<h1 class=\"elementor-heading-title elementor-size-default\">Les enjeux humains et sociaux du travail des femmes de chambre : sortir de l\u2019ombre un m\u00e9tier essentiel<\/h1>\t\t\t\t<\/div>\n\t\t\t\t<\/div>\n\t\t\t\t<section class=\"elementor-section elementor-inner-section elementor-element elementor-element-f01295b elementor-section-full_width elementor-section-height-default elementor-section-height-default wpr-particle-no wpr-jarallax-no wpr-parallax-no wpr-sticky-section-no wpr-equal-height-no\" data-id=\"f01295b\" data-element_type=\"section\" data-e-type=\"section\">\n\t\t\t\t\t\t<div class=\"elementor-container elementor-column-gap-no\">\n\t\t\t\t\t<div class=\"elementor-column elementor-col-100 elementor-inner-column elementor-element elementor-element-5868d5c\" data-id=\"5868d5c\" data-element_type=\"column\" data-e-type=\"column\">\n\t\t\t<div class=\"elementor-widget-wrap elementor-element-populated\">\n\t\t\t\t\t\t<div class=\"elementor-element elementor-element-6d6aaf8 elementor-widget elementor-widget-text-editor\" data-id=\"6d6aaf8\" data-element_type=\"widget\" data-e-type=\"widget\" data-widget_type=\"text-editor.default\">\n\t\t\t\t<div class=\"elementor-widget-container\">\n\t\t\t\t\t\t\t\t\t<p><span class=\"entry-author\">Publi\u00e9 par Pedro Gomes Lopes le 16<\/span><span class=\"entry-date\"><time class=\"entry-date published\" datetime=\"2025-02-12T17:23:16+00:00\">\u00a0mars 2025<\/time><\/span><\/p>\t\t\t\t\t\t\t\t<\/div>\n\t\t\t\t<\/div>\n\t\t\t\t\t<\/div>\n\t\t<\/div>\n\t\t\t\t\t<\/div>\n\t\t<\/section>\n\t\t\t\t\t<\/div>\n\t\t<\/div>\n\t\t\t\t\t<\/div>\n\t\t<\/section>\n\t\t<div class=\"elementor-element elementor-element-76ce84eb e-flex e-con-boxed wpr-particle-no wpr-jarallax-no wpr-parallax-no wpr-sticky-section-no wpr-equal-height-no e-con e-parent\" data-id=\"76ce84eb\" data-element_type=\"container\" data-e-type=\"container\">\n\t\t\t\t\t<div class=\"e-con-inner\">\n\t\t\t\t<div class=\"elementor-element elementor-element-ab9401d elementor-widget elementor-widget-text-editor\" data-id=\"ab9401d\" data-element_type=\"widget\" data-e-type=\"widget\" data-widget_type=\"text-editor.default\">\n\t\t\t\t<div class=\"elementor-widget-container\">\n\t\t\t\t\t\t\t\t\t<\/p>\n<!-- \/wp:quote --><!-- wp:paragraph -->\n<p>\u00a0<\/p>\n<p><em>Ce deuxi\u00e8me article d\u2019une s\u00e9rie de quatre, issu d\u2019un travail de veille aupr\u00e8s de figures inspirantes du secteur de l\u2019hospitalit\u00e9, met en lumi\u00e8re une question cl\u00e9 de l\u2019h\u00f4tellerie moderne : comment valoriser les femmes de chambre (FDC), ces piliers souvent invisibles de l\u2019exp\u00e9rience client ? L\u2019objectif est clair : int\u00e9grer pleinement leur bien-\u00eatre et leur reconnaissance dans une d\u00e9marche alliant performance op\u00e9rationnelle et responsabilit\u00e9.<\/em><\/p>\n<!-- \/wp:paragraph --><!-- wp:paragraph -->\n<p>Nos \u00e9changes avec Marie-Fleur Raynard-Laude, consultante en <em>housekeeping<\/em>, Meilleure Ouvri\u00e8re de France et ancienne gouvernante g\u00e9n\u00e9rale de La R\u00e9serve, palace parisien reconnu, mettent en lumi\u00e8re plusieurs convictions fortes pour repenser la gestion des \u00e9tages. Celles-ci offrent des pistes concr\u00e8tes pour r\u00e9pondre aux d\u00e9fis humains et sociaux des FDC, tout en construisant un environnement de travail plus inclusif et valorisant.<\/p>\n<!-- \/wp:paragraph --><!-- wp:paragraph -->\n<p><strong>Conviction 1 : Rendre visible un m\u00e9tier essentiel<\/strong><\/p>\n<!-- \/wp:paragraph --><!-- wp:paragraph -->\n<p>Le travail des FDC est souvent m\u00e9connu, voire invisible. Pourtant, leur contribution \u00e0 l\u2019exp\u00e9rience client est fondamentale. \u00ab\u202fUn jour, un client m\u2019a dit qu\u2019il pensait que les chambres se nettoyaient toutes seules. Il n\u2019avait jamais r\u00e9fl\u00e9chi \u00e0 la personne derri\u00e8re ce travail\u202f\u00bb, raconte Marie-Fleur.<\/p>\n<!-- \/wp:paragraph --><!-- wp:paragraph -->\n<p>La reconnaissance de ce m\u00e9tier commence par une meilleure visibilit\u00e9 de ces professionnelles. Cela passe par des actions simples mais impactantes : mentionner leur contribution dans les retours d\u2019exp\u00e9rience client, inclure leur travail dans les communications internes, et int\u00e9grer des moments de reconnaissance dans les briefings. Il ne faut jamais oublier que la puissance d\u2019un merci pour le travail effectu\u00e9 peut transformer une journ\u00e9e, souligne Marie-Fleur. Mettre en lumi\u00e8re le r\u00f4le des FDC contribue \u00e0 revaloriser leur travail et \u00e0 renforcer la fiert\u00e9 qu\u2019elles ressentent pour ce travail r\u00e9alis\u00e9 \u00e0 l\u2019h\u00f4tel.<\/p>\n<!-- \/wp:paragraph --><!-- wp:paragraph -->\n<p><strong>Conviction 2 : Favoriser un environnement de travail inclusif<\/strong><\/p>\n<!-- \/wp:paragraph --><!-- wp:paragraph -->\n<p>Dans un secteur o\u00f9 les femmes de chambre viennent souvent d\u2019horizons culturels et linguistiques vari\u00e9s, les barri\u00e8res de communication et les incompr\u00e9hensions peuvent freiner l\u2019efficacit\u00e9 et l\u2019int\u00e9gration. Marie-Fleur illustre cette probl\u00e9matique avec une anecdote : \u00ab\u202fUne nouvelle recrue ne comprenait pas les consignes donn\u00e9es en fran\u00e7ais. Elle se sentait exclue et inefficace, mais apr\u00e8s une petite session de formation adapt\u00e9e, elle a rapidement gagn\u00e9 en confiance, elle est maintenant gouvernante.\u202f\u00bb<\/p>\n<!-- \/wp:paragraph --><!-- wp:paragraph -->\n<p>Un environnement inclusif repose sur des pratiques manag\u00e9riales adapt\u00e9es :<\/p>\n<!-- \/wp:paragraph --><!-- wp:list -->\n<ul class=\"wp-block-list\"><!-- wp:list-item -->\n<li>Proposer des briefings multilingues ou visuels ;<\/li>\n<!-- \/wp:list-item --><!-- wp:list-item -->\n<li>Encourager le partage d\u2019exp\u00e9riences entre coll\u00e8gues pour cr\u00e9er du lien ;<\/li>\n<!-- \/wp:list-item --><!-- wp:list-item -->\n<li>Offrir des formations sp\u00e9cifiques pour surmonter les diff\u00e9rences culturelles et linguistiques ;<\/li>\n<!-- \/wp:list-item --><!-- wp:list-item -->\n<li>Favoriser les \u00e9changes entre les \u00e9quipes de <em>housekeeping<\/em> et les autres d\u00e9partements de l\u2019h\u00f4tel.<\/li>\n<!-- \/wp:list-item --><\/ul>\n<!-- \/wp:list --><!-- wp:paragraph -->\n<p>Ces initiatives permettent de renforcer la coh\u00e9sion des \u00e9quipes et de favoriser un climat de travail positif.<\/p>\n<!-- \/wp:paragraph --><!-- wp:paragraph -->\n<p><strong>Conviction 3 : Pr\u00e9server la sant\u00e9 et le bien-\u00eatre des \u00e9quipes<\/strong><\/p>\n<!-- \/wp:paragraph --><!-- wp:paragraph -->\n<p>Le travail de femme de chambre est physiquement exigeant. Entre le rythme soutenu, la r\u00e9p\u00e9tition des gestes, et les charges \u00e0 porter, les risques de troubles musculosquelettiques sont r\u00e9els. \u00ab Entretenir des chambres en d\u00e9parts et recouches n\u2019est pas de tout repos, certaines journ\u00e9es peuvent \u00eatre tr\u00e8s rythm\u00e9es \u00bb, explique Marie-Fleur.<\/p>\n<!-- \/wp:paragraph --><!-- wp:paragraph -->\n<p>Pour all\u00e9ger leur charge, il est essentiel de :<\/p>\n<!-- \/wp:paragraph --><!-- wp:list -->\n<ul class=\"wp-block-list\"><!-- wp:list-item -->\n<li>Investir dans des \u00e9quipements ergonomiques, comme des chariots adapt\u00e9s au contexte de travail ou des outils plus l\u00e9gers ;<\/li>\n<!-- \/wp:list-item --><!-- wp:list-item -->\n<li>Repenser les processus pour limiter les d\u00e9placements inutiles ;<\/li>\n<!-- \/wp:list-item --><!-- wp:list-item -->\n<li>Identifier et traiter les sources de stress majeurs tels que la gestion du linge. A-t-on assez de linge, de la bonne taille, en quantit\u00e9 et qualit\u00e9 suffisante ? Ces questionnements peuvent \u00eatre r\u00e9solus par des solutions simples et efficaces qui passent par la d\u00e9finition et l\u2019application de processus clairs et la formation des salari\u00e9(e)s ;<\/li>\n<!-- \/wp:list-item --><!-- wp:list-item -->\n<li>Travailler sur l\u2019efficacit\u00e9 de la m\u00e9thodologie de nettoyage (temps, rendu final, fatigue) ;<\/li>\n<!-- \/wp:list-item --><!-- wp:list-item -->\n<li>Introduire des innovations techniques, telles que l\u2019eau ozon\u00e9e ou des microfibres performantes, pour obtenir des r\u00e9sultats similaires ou sup\u00e9rieurs aux techniques pr\u00e9c\u00e9dentes, tout en simplifiant les t\u00e2ches.<\/li>\n<!-- \/wp:list-item --><\/ul>\n<!-- \/wp:list --><!-- wp:paragraph -->\n<p>Au-del\u00e0 de la sant\u00e9 physique, le bien-\u00eatre \u00e9motionnel doit \u00e9galement \u00eatre une priorit\u00e9. Prot\u00e9ger les FDC des comportements irrespectueux et instaurer une politique de respect au sein de l\u2019h\u00f4tel sont des \u00e9l\u00e9ments cruciaux pour garantir un environnement de travail sain et s\u00e9curisant.<\/p>\n<!-- \/wp:paragraph --><!-- wp:paragraph -->\n<p><strong>Conviction 4 : Donner du sens et des opportunit\u00e9s d\u2019\u00e9volution<\/strong><\/p>\n<!-- \/wp:paragraph --><!-- wp:paragraph -->\n<p>La motivation des FDC repose sur un sentiment de reconnaissance et d\u2019appartenance. \u00ab\u202fQuand une femme de chambre se sent valoris\u00e9e, reconnue, elle donne le meilleur d\u2019elle-m\u00eame \u00bb, affirme Marie-Fleur.<\/p>\n<!-- \/wp:paragraph --><!-- wp:paragraph -->\n<p>Cette valorisation passe par plusieurs leviers :<\/p>\n<!-- \/wp:paragraph --><!-- wp:list -->\n<ul class=\"wp-block-list\"><!-- wp:list-item -->\n<li>Cr\u00e9er des moments de reconnaissance : des concours internes, des dipl\u00f4mes, ou des f\u00e9licitations publiques peuvent faire la diff\u00e9rence;<\/li>\n<!-- \/wp:list-item --><!-- wp:list-item -->\n<li>Offrir des opportunit\u00e9s d\u2019\u00e9volution : mettre en place des parcours de formation et des possibilit\u00e9s de promotion pour montrer qu\u2019il s\u2019agit d\u2019un m\u00e9tier avec un avenir;<\/li>\n<!-- \/wp:list-item --><!-- wp:list-item -->\n<li>Renforcer les conditions de travail : des uniformes confortables, en bon nombre, en bon \u00e9tat, des chaussures s\u00e9curisantes et confortables, des vestiaires propres, et des pauses respect\u00e9es contribuent \u00e0 am\u00e9liorer leur quotidien;<\/li>\n<!-- \/wp:list-item --><!-- wp:list-item -->\n<li>Management : avoir un management juste, constant et sans \u00e9quivoque. Ne jamais oublier que les d\u00e9tails sont importants. C\u2019est dans les d\u00e9tails qu\u2019on fait la diff\u00e9rence avec ces \u00e9quipes !<\/li>\n<!-- \/wp:list-item --><\/ul>\n<!-- \/wp:list --><!-- wp:paragraph -->\n<p>Marie-Fleur partage une anecdote marquante \u00e0 ce sujet : \u00ab\u202fUne FDC m\u2019a confi\u00e9 un jour que recevoir un mot de remerciement de son manager avait chang\u00e9 sa perception de son travail. Pour la premi\u00e8re fois, elle s\u2019\u00e9tait sentie importante et reconnue.\u202f\u00bb Ces gestes simples, associ\u00e9s \u00e0 une politique de valorisation globale, permettent de transformer un m\u00e9tier souvent per\u00e7u comme \u00ab ingrat \u00bb en une exp\u00e9rience enrichissante. C\u2019est au management de rendre fi\u00e8re les femmes de chambre de faire leur m\u00e9tier.<\/p>\n<!-- \/wp:paragraph --><!-- wp:paragraph -->\n<p><strong>Conclusion : en synth\u00e8se, qu\u2019est-ce qu\u2019on fait ?<\/strong><\/p>\n<!-- \/wp:paragraph --><!-- wp:paragraph -->\n<p>Pour transformer les conditions de travail des FDC et valoriser leur m\u00e9tier, voici les actions concr\u00e8tes \u00e0 mettre en \u0153uvre :<\/p>\n<!-- \/wp:paragraph --><!-- wp:list -->\n<ul class=\"wp-block-list\"><!-- wp:list-item -->\n<li>Rendre leur travail visible : Int\u00e9grer des moments de reconnaissance et communiquer sur leur r\u00f4le central dans l\u2019exp\u00e9rience client;<\/li>\n<!-- \/wp:list-item --><!-- wp:list-item -->\n<li>Cr\u00e9er un environnement inclusif : Adapter les pratiques manag\u00e9riales pour surmonter les barri\u00e8res culturelles et linguistiques;<\/li>\n<!-- \/wp:list-item --><!-- wp:list-item -->\n<li>All\u00e9ger leur charge physique et \u00e9motionnelle : Fournir des \u00e9quipements ergonomiques, repenser les processus, faire en sorte que le m\u00e9tier soit reconnu au sein de l\u2019h\u00f4tel. Cette reconnaissance va au-del\u00e0 de la difficult\u00e9 intrins\u00e8que de leur travail, elle inclut l\u2019apport essentiel de ce m\u00e9tier \u00e0 la qualit\u00e9 de service propos\u00e9e par l\u2019h\u00f4tel;<\/li>\n<!-- \/wp:list-item --><!-- wp:list-item -->\n<li>Offrir des perspectives d\u2019\u00e9volution : Proposer des formations continues, des parcours de promotion, et renforcer les conditions de travail.<\/li>\n<!-- \/wp:list-item --><\/ul>\n<!-- \/wp:list --><!-- wp:paragraph -->\n<p>Comme le r\u00e9sume Marie-Fleur : \u00ab\u202fLes femmes de chambre ne sont pas juste des femmes de l\u2019ombre au m\u00e9tier difficile. Elles sont l\u2019\u00e2me des \u00e9tages, tout comme les gouvernantes, celles qui rendent les s\u00e9jours inoubliables, qui connaissent les habitudes des clients, entrent dans leur intimit\u00e9. Il est crucial de leur offrir les moyens de r\u00e9ussir et de s\u2019\u00e9panouir.\u202f\u00bb<\/p>\n<!-- \/wp:paragraph --><!-- wp:paragraph -->\n<p>En pla\u00e7ant les FDC au c\u0153ur de la production d\u2019un service h\u00f4telier d\u2019excellence, les \u00e9tablissements ne se contentent pas de r\u00e9pondre aux d\u00e9fis humains et sociaux. Ils construisent une culture de respect, d\u2019inclusion et de durabilit\u00e9, essentielle pour une h\u00f4tellerie plus responsable.<\/p>\n<!-- \/wp:paragraph --><!-- wp:paragraph -->\n<p>\u00a0<\/p>\n<!-- \/wp:paragraph --><!-- wp:paragraph -->\n<p><strong>Pour aller plus loin !<\/strong><\/p>\n<!-- \/wp:paragraph --><!-- wp:paragraph -->\n<p>Restez connect\u00e9s pour d\u00e9couvrir la suite de cette s\u00e9rie d\u00e9di\u00e9e \u00e0 une gestion h\u00f4teli\u00e8re innovante et responsable.<\/p>\n<!-- \/wp:paragraph --><!-- wp:paragraph -->\n<p>Curieux d&rsquo;en savoir plus sur le parcours de <strong>Marie-Fleur<\/strong> et ses services en formation, accompagnement en h\u00f4tellerie de luxe, audit ou coaching pour les \u00e9quipes de housekeeping ? C\u2019est par ici \ud83d\udc49 <a href=\"https:\/\/madamelagg.com\/fr\/\">https:\/\/madamelagg.com\/fr\/<\/a><\/p>\n<!-- \/wp:paragraph --><!-- wp:paragraph -->\n<p><strong>Et vous, pr\u00eat \u00e0 passer \u00e0 l\u2019action ?<\/strong><br \/>Pour concevoir et d\u00e9ployer une strat\u00e9gie environnementale et RSE adapt\u00e9e \u00e0 votre activit\u00e9 h\u00f4teli\u00e8re, appuyez-vous sur les certifications <strong>Ecolabel europ\u00e9en<\/strong> et\/ou <strong>Green Globe<\/strong> comme cadre d\u2019action.<\/p>\n<!-- \/wp:paragraph --><!-- wp:paragraph -->\n<p>\u00a0<\/p>\n<!-- \/wp:paragraph -->\t\t\t\t\t\t\t\t<\/div>\n\t\t\t\t<\/div>\n\t\t\t\t\t<\/div>\n\t\t\t\t<\/div>\n\t\t\t\t<\/div>\n\t\t","protected":false},"excerpt":{"rendered":"<p>Les enjeux humains et sociaux du travail des femmes de chambre : sortir de l\u2019ombre un m\u00e9tier essentiel Publi\u00e9 par Pedro Gomes Lopes le 16\u00a0mars 2025 \u00a0 Ce deuxi\u00e8me article d\u2019une s\u00e9rie de quatre, issu d\u2019un travail de veille aupr\u00e8s de figures inspirantes du secteur de l\u2019hospitalit\u00e9, met en lumi\u00e8re une question cl\u00e9 de l\u2019h\u00f4tellerie moderne : comment valoriser les femmes de chambre (FDC), ces piliers souvent invisibles de l\u2019exp\u00e9rience client ? L\u2019objectif est clair : int\u00e9grer pleinement leur bien-\u00eatre et leur reconnaissance dans une d\u00e9marche alliant performance op\u00e9rationnelle et responsabilit\u00e9. Nos \u00e9changes avec Marie-Fleur Raynard-Laude, consultante en housekeeping, Meilleure Ouvri\u00e8re de France et ancienne gouvernante g\u00e9n\u00e9rale de La R\u00e9serve, palace parisien reconnu, mettent en lumi\u00e8re plusieurs convictions fortes pour repenser la gestion des \u00e9tages. Celles-ci offrent des pistes concr\u00e8tes pour r\u00e9pondre aux d\u00e9fis humains et sociaux des FDC, tout en construisant un environnement de travail plus inclusif et valorisant. Conviction 1 : Rendre visible un m\u00e9tier essentiel Le travail des FDC est souvent m\u00e9connu, voire invisible. Pourtant, leur contribution \u00e0 l\u2019exp\u00e9rience client est fondamentale. \u00ab\u202fUn jour, un client m\u2019a dit qu\u2019il pensait que les chambres se nettoyaient toutes seules. Il n\u2019avait jamais r\u00e9fl\u00e9chi \u00e0 la personne derri\u00e8re ce travail\u202f\u00bb, raconte Marie-Fleur. La reconnaissance de ce m\u00e9tier commence par une meilleure visibilit\u00e9 de ces professionnelles. Cela passe par des actions simples mais impactantes : mentionner leur contribution dans les retours d\u2019exp\u00e9rience client, inclure leur travail dans les communications internes, et int\u00e9grer des moments de reconnaissance dans les briefings. Il ne faut jamais oublier que la puissance d\u2019un merci pour le travail effectu\u00e9 peut transformer une journ\u00e9e, souligne Marie-Fleur. Mettre en lumi\u00e8re le r\u00f4le des FDC contribue \u00e0 revaloriser leur travail et \u00e0 renforcer la fiert\u00e9 qu\u2019elles ressentent pour ce travail r\u00e9alis\u00e9 \u00e0 l\u2019h\u00f4tel. Conviction 2 : Favoriser un environnement de travail inclusif Dans un secteur o\u00f9 les femmes de chambre viennent souvent d\u2019horizons culturels et linguistiques vari\u00e9s, les barri\u00e8res de communication et les incompr\u00e9hensions peuvent freiner l\u2019efficacit\u00e9 et l\u2019int\u00e9gration. Marie-Fleur illustre cette probl\u00e9matique avec une anecdote : \u00ab\u202fUne nouvelle recrue ne comprenait pas les consignes donn\u00e9es en fran\u00e7ais. Elle se sentait exclue et inefficace, mais apr\u00e8s une petite session de formation adapt\u00e9e, elle a rapidement gagn\u00e9 en confiance, elle est maintenant gouvernante.\u202f\u00bb Un environnement inclusif repose sur des pratiques manag\u00e9riales adapt\u00e9es : Proposer des briefings multilingues ou visuels ; Encourager le partage d\u2019exp\u00e9riences entre coll\u00e8gues pour cr\u00e9er du lien ; Offrir des formations sp\u00e9cifiques pour surmonter les diff\u00e9rences culturelles et linguistiques ; Favoriser les \u00e9changes entre les \u00e9quipes de housekeeping et les autres d\u00e9partements de l\u2019h\u00f4tel. Ces initiatives permettent de renforcer la coh\u00e9sion des \u00e9quipes et de favoriser un climat de travail positif. Conviction 3 : Pr\u00e9server la sant\u00e9 et le bien-\u00eatre des \u00e9quipes Le travail de femme de chambre est physiquement exigeant. Entre le rythme soutenu, la r\u00e9p\u00e9tition des gestes, et les charges \u00e0 porter, les risques de troubles musculosquelettiques sont r\u00e9els. \u00ab Entretenir des chambres en d\u00e9parts et recouches n\u2019est pas de tout repos, certaines journ\u00e9es peuvent \u00eatre tr\u00e8s rythm\u00e9es \u00bb, explique Marie-Fleur. Pour all\u00e9ger leur charge, il est essentiel de : Investir dans des \u00e9quipements ergonomiques, comme des chariots adapt\u00e9s au contexte de travail ou des outils plus l\u00e9gers ; Repenser les processus pour limiter les d\u00e9placements inutiles ; Identifier et traiter les sources de stress majeurs tels que la gestion du linge. A-t-on assez de linge, de la bonne taille, en quantit\u00e9 et qualit\u00e9 suffisante ? Ces questionnements peuvent \u00eatre r\u00e9solus par des solutions simples et efficaces qui passent par la d\u00e9finition et l\u2019application de processus clairs et la formation des salari\u00e9(e)s ; Travailler sur l\u2019efficacit\u00e9 de la m\u00e9thodologie de nettoyage (temps, rendu final, fatigue) ; Introduire des innovations techniques, telles que l\u2019eau ozon\u00e9e ou des microfibres performantes, pour obtenir des r\u00e9sultats similaires ou sup\u00e9rieurs aux techniques pr\u00e9c\u00e9dentes, tout en simplifiant les t\u00e2ches. Au-del\u00e0 de la sant\u00e9 physique, le bien-\u00eatre \u00e9motionnel doit \u00e9galement \u00eatre une priorit\u00e9. Prot\u00e9ger les FDC des comportements irrespectueux et instaurer une politique de respect au sein de l\u2019h\u00f4tel sont des \u00e9l\u00e9ments cruciaux pour garantir un environnement de travail sain et s\u00e9curisant. Conviction 4 : Donner du sens et des opportunit\u00e9s d\u2019\u00e9volution La motivation des FDC repose sur un sentiment de reconnaissance et d\u2019appartenance. \u00ab\u202fQuand une femme de chambre se sent valoris\u00e9e, reconnue, elle donne le meilleur d\u2019elle-m\u00eame \u00bb, affirme Marie-Fleur. Cette valorisation passe par plusieurs leviers : Cr\u00e9er des moments de reconnaissance : des concours internes, des dipl\u00f4mes, ou des f\u00e9licitations publiques peuvent faire la diff\u00e9rence; Offrir des opportunit\u00e9s d\u2019\u00e9volution : mettre en place des parcours de formation et des possibilit\u00e9s de promotion pour montrer qu\u2019il s\u2019agit d\u2019un m\u00e9tier avec un avenir; Renforcer les conditions de travail : des uniformes confortables, en bon nombre, en bon \u00e9tat, des chaussures s\u00e9curisantes et confortables, des vestiaires propres, et des pauses respect\u00e9es contribuent \u00e0 am\u00e9liorer leur quotidien; Management : avoir un management juste, constant et sans \u00e9quivoque. Ne jamais oublier que les d\u00e9tails sont importants. C\u2019est dans les d\u00e9tails qu\u2019on fait la diff\u00e9rence avec ces \u00e9quipes ! Marie-Fleur partage une anecdote marquante \u00e0 ce sujet : \u00ab\u202fUne FDC m\u2019a confi\u00e9 un jour que recevoir un mot de remerciement de son manager avait chang\u00e9 sa perception de son travail. Pour la premi\u00e8re fois, elle s\u2019\u00e9tait sentie importante et reconnue.\u202f\u00bb Ces gestes simples, associ\u00e9s \u00e0 une politique de valorisation globale, permettent de transformer un m\u00e9tier souvent per\u00e7u comme \u00ab ingrat \u00bb en une exp\u00e9rience enrichissante. C\u2019est au management de rendre fi\u00e8re les femmes de chambre de faire leur m\u00e9tier. Conclusion : en synth\u00e8se, qu\u2019est-ce qu\u2019on fait ? Pour transformer les conditions de travail des FDC et valoriser leur m\u00e9tier, voici les actions concr\u00e8tes \u00e0 mettre en \u0153uvre : Rendre leur travail visible : Int\u00e9grer des moments de reconnaissance et communiquer sur leur r\u00f4le central dans l\u2019exp\u00e9rience client; Cr\u00e9er un environnement inclusif : Adapter les pratiques manag\u00e9riales pour surmonter les barri\u00e8res culturelles et linguistiques; All\u00e9ger leur charge physique et \u00e9motionnelle : Fournir des \u00e9quipements ergonomiques, repenser les processus, faire en sorte que le m\u00e9tier soit reconnu au &hellip; <\/p>\n<p class=\"link-more\"><a href=\"https:\/\/the-swarm.eu\/index.php\/2025\/03\/16\/les-enjeux-humains-et-sociaux-du-travail-des-femmes-de-chambre-sortir-de-lombre-un-metier-essentiel\/\" class=\"more-link\">Lire la suite de<span class=\"screen-reader-text\">\u00ab\u00a0Les enjeux humains et sociaux du travail des femmes de chambre : sortir de l\u2019ombre un m\u00e9tier essentiel\u00a0\u00bb<\/span><\/a><\/p>\n","protected":false},"author":2,"featured_media":2377,"comment_status":"open","ping_status":"open","sticky":false,"template":"elementor_header_footer","format":"standard","meta":{"_jetpack_memberships_contains_paid_content":false,"footnotes":""},"categories":[1],"tags":[],"class_list":["post-2379","post","type-post","status-publish","format-standard","has-post-thumbnail","hentry","category-rse"],"yoast_head":"<!-- This site is optimized with the Yoast SEO plugin v27.5 - https:\/\/yoast.com\/product\/yoast-seo-wordpress\/ -->\n<title>Les enjeux humains et sociaux du travail des femmes de chambre : sortir de l\u2019ombre un m\u00e9tier essentiel - The Swarm<\/title>\n<meta name=\"description\" content=\"L&#039;Ecolabel Europ\u00e9en est une certification \u00e9cologique officielle exigeante et la Clef Verte est une certification plus accessible et souple.\" \/>\n<meta name=\"robots\" content=\"index, follow, max-snippet:-1, max-image-preview:large, max-video-preview:-1\" \/>\n<link rel=\"canonical\" href=\"https:\/\/the-swarm.eu\/index.php\/2025\/03\/16\/les-enjeux-humains-et-sociaux-du-travail-des-femmes-de-chambre-sortir-de-lombre-un-metier-essentiel\/\" \/>\n<meta property=\"og:locale\" content=\"fr_FR\" \/>\n<meta property=\"og:type\" content=\"article\" \/>\n<meta property=\"og:title\" content=\"L\u2019\u00c9colabel Europ\u00e9en : un atout au service de la transition du secteur touristique en Europe dans un contexte de fragilisation du Pacte vert\" \/>\n<meta property=\"og:description\" content=\"L&#039;Ecolabel Europ\u00e9en est une certification \u00e9cologique officielle exigeante et la Clef Verte est une certification plus accessible et souple.\" \/>\n<meta property=\"og:url\" content=\"https:\/\/the-swarm.eu\/index.php\/2025\/03\/16\/les-enjeux-humains-et-sociaux-du-travail-des-femmes-de-chambre-sortir-de-lombre-un-metier-essentiel\/\" \/>\n<meta property=\"og:site_name\" content=\"The Swarm\" \/>\n<meta property=\"article:published_time\" content=\"2025-03-16T14:06:52+00:00\" \/>\n<meta property=\"article:modified_time\" content=\"2025-04-24T08:09:06+00:00\" \/>\n<meta property=\"og:image\" content=\"https:\/\/the-swarm.eu\/wp-content\/uploads\/2025\/03\/IMG_5914.jpg\" \/>\n\t<meta property=\"og:image:width\" content=\"534\" \/>\n\t<meta property=\"og:image:height\" content=\"426\" \/>\n\t<meta property=\"og:image:type\" content=\"image\/jpeg\" \/>\n<meta name=\"author\" content=\"Pedro Gomes Lopes\" \/>\n<meta name=\"twitter:card\" content=\"summary_large_image\" \/>\n<meta name=\"twitter:label1\" content=\"\u00c9crit par\" \/>\n\t<meta name=\"twitter:data1\" content=\"Pedro Gomes Lopes\" \/>\n\t<meta name=\"twitter:label2\" content=\"Dur\u00e9e de lecture estim\u00e9e\" \/>\n\t<meta name=\"twitter:data2\" content=\"7 minutes\" \/>\n<script type=\"application\/ld+json\" class=\"yoast-schema-graph\">{\"@context\":\"https:\\\/\\\/schema.org\",\"@graph\":[{\"@type\":\"Article\",\"@id\":\"https:\\\/\\\/the-swarm.eu\\\/index.php\\\/2025\\\/03\\\/16\\\/les-enjeux-humains-et-sociaux-du-travail-des-femmes-de-chambre-sortir-de-lombre-un-metier-essentiel\\\/#article\",\"isPartOf\":{\"@id\":\"https:\\\/\\\/the-swarm.eu\\\/index.php\\\/2025\\\/03\\\/16\\\/les-enjeux-humains-et-sociaux-du-travail-des-femmes-de-chambre-sortir-de-lombre-un-metier-essentiel\\\/\"},\"author\":{\"name\":\"Pedro Gomes Lopes\",\"@id\":\"https:\\\/\\\/the-swarm.eu\\\/#\\\/schema\\\/person\\\/4f3930239a7c9b1f2787af97b906dc15\"},\"headline\":\"Les enjeux humains et sociaux du travail des femmes de chambre : sortir de l\u2019ombre un m\u00e9tier essentiel\",\"datePublished\":\"2025-03-16T14:06:52+00:00\",\"dateModified\":\"2025-04-24T08:09:06+00:00\",\"mainEntityOfPage\":{\"@id\":\"https:\\\/\\\/the-swarm.eu\\\/index.php\\\/2025\\\/03\\\/16\\\/les-enjeux-humains-et-sociaux-du-travail-des-femmes-de-chambre-sortir-de-lombre-un-metier-essentiel\\\/\"},\"wordCount\":1393,\"commentCount\":0,\"publisher\":{\"@id\":\"https:\\\/\\\/the-swarm.eu\\\/#organization\"},\"image\":{\"@id\":\"https:\\\/\\\/the-swarm.eu\\\/index.php\\\/2025\\\/03\\\/16\\\/les-enjeux-humains-et-sociaux-du-travail-des-femmes-de-chambre-sortir-de-lombre-un-metier-essentiel\\\/#primaryimage\"},\"thumbnailUrl\":\"https:\\\/\\\/the-swarm.eu\\\/wp-content\\\/uploads\\\/2025\\\/03\\\/IMG_5914.jpg\",\"articleSection\":[\"H\u00f4tellerie responsable et durable\"],\"inLanguage\":\"fr-FR\",\"potentialAction\":[{\"@type\":\"CommentAction\",\"name\":\"Comment\",\"target\":[\"https:\\\/\\\/the-swarm.eu\\\/index.php\\\/2025\\\/03\\\/16\\\/les-enjeux-humains-et-sociaux-du-travail-des-femmes-de-chambre-sortir-de-lombre-un-metier-essentiel\\\/#respond\"]}]},{\"@type\":\"WebPage\",\"@id\":\"https:\\\/\\\/the-swarm.eu\\\/index.php\\\/2025\\\/03\\\/16\\\/les-enjeux-humains-et-sociaux-du-travail-des-femmes-de-chambre-sortir-de-lombre-un-metier-essentiel\\\/\",\"url\":\"https:\\\/\\\/the-swarm.eu\\\/index.php\\\/2025\\\/03\\\/16\\\/les-enjeux-humains-et-sociaux-du-travail-des-femmes-de-chambre-sortir-de-lombre-un-metier-essentiel\\\/\",\"name\":\"Les enjeux humains et sociaux du travail des femmes de chambre : sortir de l\u2019ombre un m\u00e9tier essentiel - The Swarm\",\"isPartOf\":{\"@id\":\"https:\\\/\\\/the-swarm.eu\\\/#website\"},\"primaryImageOfPage\":{\"@id\":\"https:\\\/\\\/the-swarm.eu\\\/index.php\\\/2025\\\/03\\\/16\\\/les-enjeux-humains-et-sociaux-du-travail-des-femmes-de-chambre-sortir-de-lombre-un-metier-essentiel\\\/#primaryimage\"},\"image\":{\"@id\":\"https:\\\/\\\/the-swarm.eu\\\/index.php\\\/2025\\\/03\\\/16\\\/les-enjeux-humains-et-sociaux-du-travail-des-femmes-de-chambre-sortir-de-lombre-un-metier-essentiel\\\/#primaryimage\"},\"thumbnailUrl\":\"https:\\\/\\\/the-swarm.eu\\\/wp-content\\\/uploads\\\/2025\\\/03\\\/IMG_5914.jpg\",\"datePublished\":\"2025-03-16T14:06:52+00:00\",\"dateModified\":\"2025-04-24T08:09:06+00:00\",\"description\":\"L'Ecolabel Europ\u00e9en est une certification \u00e9cologique officielle exigeante et la Clef Verte est une certification plus accessible et souple.\",\"breadcrumb\":{\"@id\":\"https:\\\/\\\/the-swarm.eu\\\/index.php\\\/2025\\\/03\\\/16\\\/les-enjeux-humains-et-sociaux-du-travail-des-femmes-de-chambre-sortir-de-lombre-un-metier-essentiel\\\/#breadcrumb\"},\"inLanguage\":\"fr-FR\",\"potentialAction\":[{\"@type\":\"ReadAction\",\"target\":[\"https:\\\/\\\/the-swarm.eu\\\/index.php\\\/2025\\\/03\\\/16\\\/les-enjeux-humains-et-sociaux-du-travail-des-femmes-de-chambre-sortir-de-lombre-un-metier-essentiel\\\/\"]}]},{\"@type\":\"ImageObject\",\"inLanguage\":\"fr-FR\",\"@id\":\"https:\\\/\\\/the-swarm.eu\\\/index.php\\\/2025\\\/03\\\/16\\\/les-enjeux-humains-et-sociaux-du-travail-des-femmes-de-chambre-sortir-de-lombre-un-metier-essentiel\\\/#primaryimage\",\"url\":\"https:\\\/\\\/the-swarm.eu\\\/wp-content\\\/uploads\\\/2025\\\/03\\\/IMG_5914.jpg\",\"contentUrl\":\"https:\\\/\\\/the-swarm.eu\\\/wp-content\\\/uploads\\\/2025\\\/03\\\/IMG_5914.jpg\",\"width\":534,\"height\":426},{\"@type\":\"BreadcrumbList\",\"@id\":\"https:\\\/\\\/the-swarm.eu\\\/index.php\\\/2025\\\/03\\\/16\\\/les-enjeux-humains-et-sociaux-du-travail-des-femmes-de-chambre-sortir-de-lombre-un-metier-essentiel\\\/#breadcrumb\",\"itemListElement\":[{\"@type\":\"ListItem\",\"position\":1,\"name\":\"Home\",\"item\":\"https:\\\/\\\/the-swarm.eu\\\/\"},{\"@type\":\"ListItem\",\"position\":2,\"name\":\"Les enjeux humains et sociaux du travail des femmes de chambre : sortir de l\u2019ombre un m\u00e9tier essentiel\"}]},{\"@type\":\"WebSite\",\"@id\":\"https:\\\/\\\/the-swarm.eu\\\/#website\",\"url\":\"https:\\\/\\\/the-swarm.eu\\\/\",\"name\":\"The Swarm Initiative\",\"description\":\"Nous aidons les h\u00f4tels \u00e0 faire de la RSE une source de valeur et de sens\",\"publisher\":{\"@id\":\"https:\\\/\\\/the-swarm.eu\\\/#organization\"},\"potentialAction\":[{\"@type\":\"SearchAction\",\"target\":{\"@type\":\"EntryPoint\",\"urlTemplate\":\"https:\\\/\\\/the-swarm.eu\\\/?s={search_term_string}\"},\"query-input\":{\"@type\":\"PropertyValueSpecification\",\"valueRequired\":true,\"valueName\":\"search_term_string\"}}],\"inLanguage\":\"fr-FR\"},{\"@type\":\"Organization\",\"@id\":\"https:\\\/\\\/the-swarm.eu\\\/#organization\",\"name\":\"The Swarm Initiative\",\"url\":\"https:\\\/\\\/the-swarm.eu\\\/\",\"logo\":{\"@type\":\"ImageObject\",\"inLanguage\":\"fr-FR\",\"@id\":\"https:\\\/\\\/the-swarm.eu\\\/#\\\/schema\\\/logo\\\/image\\\/\",\"url\":\"https:\\\/\\\/the-swarm.eu\\\/wp-content\\\/uploads\\\/2024\\\/01\\\/cropped-green_logo_transparent_background_resized_big_bgwhite.png\",\"contentUrl\":\"https:\\\/\\\/the-swarm.eu\\\/wp-content\\\/uploads\\\/2024\\\/01\\\/cropped-green_logo_transparent_background_resized_big_bgwhite.png\",\"width\":512,\"height\":512,\"caption\":\"The Swarm Initiative\"},\"image\":{\"@id\":\"https:\\\/\\\/the-swarm.eu\\\/#\\\/schema\\\/logo\\\/image\\\/\"},\"sameAs\":[\"https:\\\/\\\/www.linkedin.com\\\/company\\\/79558868\\\/\"]},{\"@type\":\"Person\",\"@id\":\"https:\\\/\\\/the-swarm.eu\\\/#\\\/schema\\\/person\\\/4f3930239a7c9b1f2787af97b906dc15\",\"name\":\"Pedro Gomes Lopes\",\"image\":{\"@type\":\"ImageObject\",\"inLanguage\":\"fr-FR\",\"@id\":\"https:\\\/\\\/secure.gravatar.com\\\/avatar\\\/b61bfaf3ded28fd143c6f278c3fd4ca5f97d253e7666740d7a31e77a745ff0a3?s=96&d=mm&r=g\",\"url\":\"https:\\\/\\\/secure.gravatar.com\\\/avatar\\\/b61bfaf3ded28fd143c6f278c3fd4ca5f97d253e7666740d7a31e77a745ff0a3?s=96&d=mm&r=g\",\"contentUrl\":\"https:\\\/\\\/secure.gravatar.com\\\/avatar\\\/b61bfaf3ded28fd143c6f278c3fd4ca5f97d253e7666740d7a31e77a745ff0a3?s=96&d=mm&r=g\",\"caption\":\"Pedro Gomes Lopes\"},\"url\":\"https:\\\/\\\/the-swarm.eu\\\/index.php\\\/author\\\/pgomes\\\/\"}]}<\/script>\n<!-- \/ Yoast SEO plugin. -->","yoast_head_json":{"title":"Les enjeux humains et sociaux du travail des femmes de chambre : sortir de l\u2019ombre un m\u00e9tier essentiel - The Swarm","description":"L'Ecolabel Europ\u00e9en est une certification \u00e9cologique officielle exigeante et la Clef Verte est une certification plus accessible et souple.","robots":{"index":"index","follow":"follow","max-snippet":"max-snippet:-1","max-image-preview":"max-image-preview:large","max-video-preview":"max-video-preview:-1"},"canonical":"https:\/\/the-swarm.eu\/index.php\/2025\/03\/16\/les-enjeux-humains-et-sociaux-du-travail-des-femmes-de-chambre-sortir-de-lombre-un-metier-essentiel\/","og_locale":"fr_FR","og_type":"article","og_title":"L\u2019\u00c9colabel Europ\u00e9en : un atout au service de la transition du secteur touristique en Europe dans un contexte de fragilisation du Pacte vert","og_description":"L'Ecolabel Europ\u00e9en est une certification \u00e9cologique officielle exigeante et la Clef Verte est une certification plus accessible et souple.","og_url":"https:\/\/the-swarm.eu\/index.php\/2025\/03\/16\/les-enjeux-humains-et-sociaux-du-travail-des-femmes-de-chambre-sortir-de-lombre-un-metier-essentiel\/","og_site_name":"The Swarm","article_published_time":"2025-03-16T14:06:52+00:00","article_modified_time":"2025-04-24T08:09:06+00:00","og_image":[{"width":534,"height":426,"url":"https:\/\/the-swarm.eu\/wp-content\/uploads\/2025\/03\/IMG_5914.jpg","type":"image\/jpeg"}],"author":"Pedro Gomes Lopes","twitter_card":"summary_large_image","twitter_misc":{"\u00c9crit par":"Pedro Gomes Lopes","Dur\u00e9e de lecture estim\u00e9e":"7 minutes"},"schema":{"@context":"https:\/\/schema.org","@graph":[{"@type":"Article","@id":"https:\/\/the-swarm.eu\/index.php\/2025\/03\/16\/les-enjeux-humains-et-sociaux-du-travail-des-femmes-de-chambre-sortir-de-lombre-un-metier-essentiel\/#article","isPartOf":{"@id":"https:\/\/the-swarm.eu\/index.php\/2025\/03\/16\/les-enjeux-humains-et-sociaux-du-travail-des-femmes-de-chambre-sortir-de-lombre-un-metier-essentiel\/"},"author":{"name":"Pedro Gomes Lopes","@id":"https:\/\/the-swarm.eu\/#\/schema\/person\/4f3930239a7c9b1f2787af97b906dc15"},"headline":"Les enjeux humains et sociaux du travail des femmes de chambre : sortir de l\u2019ombre un m\u00e9tier essentiel","datePublished":"2025-03-16T14:06:52+00:00","dateModified":"2025-04-24T08:09:06+00:00","mainEntityOfPage":{"@id":"https:\/\/the-swarm.eu\/index.php\/2025\/03\/16\/les-enjeux-humains-et-sociaux-du-travail-des-femmes-de-chambre-sortir-de-lombre-un-metier-essentiel\/"},"wordCount":1393,"commentCount":0,"publisher":{"@id":"https:\/\/the-swarm.eu\/#organization"},"image":{"@id":"https:\/\/the-swarm.eu\/index.php\/2025\/03\/16\/les-enjeux-humains-et-sociaux-du-travail-des-femmes-de-chambre-sortir-de-lombre-un-metier-essentiel\/#primaryimage"},"thumbnailUrl":"https:\/\/the-swarm.eu\/wp-content\/uploads\/2025\/03\/IMG_5914.jpg","articleSection":["H\u00f4tellerie responsable et durable"],"inLanguage":"fr-FR","potentialAction":[{"@type":"CommentAction","name":"Comment","target":["https:\/\/the-swarm.eu\/index.php\/2025\/03\/16\/les-enjeux-humains-et-sociaux-du-travail-des-femmes-de-chambre-sortir-de-lombre-un-metier-essentiel\/#respond"]}]},{"@type":"WebPage","@id":"https:\/\/the-swarm.eu\/index.php\/2025\/03\/16\/les-enjeux-humains-et-sociaux-du-travail-des-femmes-de-chambre-sortir-de-lombre-un-metier-essentiel\/","url":"https:\/\/the-swarm.eu\/index.php\/2025\/03\/16\/les-enjeux-humains-et-sociaux-du-travail-des-femmes-de-chambre-sortir-de-lombre-un-metier-essentiel\/","name":"Les enjeux humains et sociaux du travail des femmes de chambre : sortir de l\u2019ombre un m\u00e9tier essentiel - The Swarm","isPartOf":{"@id":"https:\/\/the-swarm.eu\/#website"},"primaryImageOfPage":{"@id":"https:\/\/the-swarm.eu\/index.php\/2025\/03\/16\/les-enjeux-humains-et-sociaux-du-travail-des-femmes-de-chambre-sortir-de-lombre-un-metier-essentiel\/#primaryimage"},"image":{"@id":"https:\/\/the-swarm.eu\/index.php\/2025\/03\/16\/les-enjeux-humains-et-sociaux-du-travail-des-femmes-de-chambre-sortir-de-lombre-un-metier-essentiel\/#primaryimage"},"thumbnailUrl":"https:\/\/the-swarm.eu\/wp-content\/uploads\/2025\/03\/IMG_5914.jpg","datePublished":"2025-03-16T14:06:52+00:00","dateModified":"2025-04-24T08:09:06+00:00","description":"L'Ecolabel Europ\u00e9en est une certification \u00e9cologique officielle exigeante et la Clef Verte est une certification plus accessible et souple.","breadcrumb":{"@id":"https:\/\/the-swarm.eu\/index.php\/2025\/03\/16\/les-enjeux-humains-et-sociaux-du-travail-des-femmes-de-chambre-sortir-de-lombre-un-metier-essentiel\/#breadcrumb"},"inLanguage":"fr-FR","potentialAction":[{"@type":"ReadAction","target":["https:\/\/the-swarm.eu\/index.php\/2025\/03\/16\/les-enjeux-humains-et-sociaux-du-travail-des-femmes-de-chambre-sortir-de-lombre-un-metier-essentiel\/"]}]},{"@type":"ImageObject","inLanguage":"fr-FR","@id":"https:\/\/the-swarm.eu\/index.php\/2025\/03\/16\/les-enjeux-humains-et-sociaux-du-travail-des-femmes-de-chambre-sortir-de-lombre-un-metier-essentiel\/#primaryimage","url":"https:\/\/the-swarm.eu\/wp-content\/uploads\/2025\/03\/IMG_5914.jpg","contentUrl":"https:\/\/the-swarm.eu\/wp-content\/uploads\/2025\/03\/IMG_5914.jpg","width":534,"height":426},{"@type":"BreadcrumbList","@id":"https:\/\/the-swarm.eu\/index.php\/2025\/03\/16\/les-enjeux-humains-et-sociaux-du-travail-des-femmes-de-chambre-sortir-de-lombre-un-metier-essentiel\/#breadcrumb","itemListElement":[{"@type":"ListItem","position":1,"name":"Home","item":"https:\/\/the-swarm.eu\/"},{"@type":"ListItem","position":2,"name":"Les enjeux humains et sociaux du travail des femmes de chambre : sortir de l\u2019ombre un m\u00e9tier essentiel"}]},{"@type":"WebSite","@id":"https:\/\/the-swarm.eu\/#website","url":"https:\/\/the-swarm.eu\/","name":"The Swarm Initiative","description":"Nous aidons les h\u00f4tels \u00e0 faire de la RSE une source de valeur et de sens","publisher":{"@id":"https:\/\/the-swarm.eu\/#organization"},"potentialAction":[{"@type":"SearchAction","target":{"@type":"EntryPoint","urlTemplate":"https:\/\/the-swarm.eu\/?s={search_term_string}"},"query-input":{"@type":"PropertyValueSpecification","valueRequired":true,"valueName":"search_term_string"}}],"inLanguage":"fr-FR"},{"@type":"Organization","@id":"https:\/\/the-swarm.eu\/#organization","name":"The Swarm Initiative","url":"https:\/\/the-swarm.eu\/","logo":{"@type":"ImageObject","inLanguage":"fr-FR","@id":"https:\/\/the-swarm.eu\/#\/schema\/logo\/image\/","url":"https:\/\/the-swarm.eu\/wp-content\/uploads\/2024\/01\/cropped-green_logo_transparent_background_resized_big_bgwhite.png","contentUrl":"https:\/\/the-swarm.eu\/wp-content\/uploads\/2024\/01\/cropped-green_logo_transparent_background_resized_big_bgwhite.png","width":512,"height":512,"caption":"The Swarm Initiative"},"image":{"@id":"https:\/\/the-swarm.eu\/#\/schema\/logo\/image\/"},"sameAs":["https:\/\/www.linkedin.com\/company\/79558868\/"]},{"@type":"Person","@id":"https:\/\/the-swarm.eu\/#\/schema\/person\/4f3930239a7c9b1f2787af97b906dc15","name":"Pedro Gomes Lopes","image":{"@type":"ImageObject","inLanguage":"fr-FR","@id":"https:\/\/secure.gravatar.com\/avatar\/b61bfaf3ded28fd143c6f278c3fd4ca5f97d253e7666740d7a31e77a745ff0a3?s=96&d=mm&r=g","url":"https:\/\/secure.gravatar.com\/avatar\/b61bfaf3ded28fd143c6f278c3fd4ca5f97d253e7666740d7a31e77a745ff0a3?s=96&d=mm&r=g","contentUrl":"https:\/\/secure.gravatar.com\/avatar\/b61bfaf3ded28fd143c6f278c3fd4ca5f97d253e7666740d7a31e77a745ff0a3?s=96&d=mm&r=g","caption":"Pedro Gomes Lopes"},"url":"https:\/\/the-swarm.eu\/index.php\/author\/pgomes\/"}]}},"jetpack_featured_media_url":"https:\/\/the-swarm.eu\/wp-content\/uploads\/2025\/03\/IMG_5914.jpg","jetpack_sharing_enabled":true,"_links":{"self":[{"href":"https:\/\/the-swarm.eu\/index.php\/wp-json\/wp\/v2\/posts\/2379","targetHints":{"allow":["GET"]}}],"collection":[{"href":"https:\/\/the-swarm.eu\/index.php\/wp-json\/wp\/v2\/posts"}],"about":[{"href":"https:\/\/the-swarm.eu\/index.php\/wp-json\/wp\/v2\/types\/post"}],"author":[{"embeddable":true,"href":"https:\/\/the-swarm.eu\/index.php\/wp-json\/wp\/v2\/users\/2"}],"replies":[{"embeddable":true,"href":"https:\/\/the-swarm.eu\/index.php\/wp-json\/wp\/v2\/comments?post=2379"}],"version-history":[{"count":21,"href":"https:\/\/the-swarm.eu\/index.php\/wp-json\/wp\/v2\/posts\/2379\/revisions"}],"predecessor-version":[{"id":4112,"href":"https:\/\/the-swarm.eu\/index.php\/wp-json\/wp\/v2\/posts\/2379\/revisions\/4112"}],"wp:featuredmedia":[{"embeddable":true,"href":"https:\/\/the-swarm.eu\/index.php\/wp-json\/wp\/v2\/media\/2377"}],"wp:attachment":[{"href":"https:\/\/the-swarm.eu\/index.php\/wp-json\/wp\/v2\/media?parent=2379"}],"wp:term":[{"taxonomy":"category","embeddable":true,"href":"https:\/\/the-swarm.eu\/index.php\/wp-json\/wp\/v2\/categories?post=2379"},{"taxonomy":"post_tag","embeddable":true,"href":"https:\/\/the-swarm.eu\/index.php\/wp-json\/wp\/v2\/tags?post=2379"}],"curies":[{"name":"wp","href":"https:\/\/api.w.org\/{rel}","templated":true}]}}