{"id":3059,"date":"2025-03-30T22:09:56","date_gmt":"2025-03-30T22:09:56","guid":{"rendered":"https:\/\/the-swarm.eu\/?p=3059"},"modified":"2025-05-24T11:30:20","modified_gmt":"2025-05-24T11:30:20","slug":"repenser-lintegration-de-lia-dans-les-organisations-une-approche-centree-sur-les-realites-metier","status":"publish","type":"post","link":"https:\/\/the-swarm.eu\/index.php\/2025\/03\/30\/repenser-lintegration-de-lia-dans-les-organisations-une-approche-centree-sur-les-realites-metier\/","title":{"rendered":"Repenser l\u2019int\u00e9gration de l\u2019intelligence artificielle dans les organisations: une approche centr\u00e9e sur les r\u00e9alit\u00e9s m\u00e9tier"},"content":{"rendered":"\t\t<div data-elementor-type=\"wp-post\" data-elementor-id=\"3059\" class=\"elementor elementor-3059\" data-elementor-post-type=\"post\">\n\t\t\t\t\t\t<section class=\"elementor-section elementor-top-section elementor-element elementor-element-9c06f64 elementor-section-boxed elementor-section-height-default elementor-section-height-default wpr-particle-no wpr-jarallax-no wpr-parallax-no wpr-sticky-section-no wpr-equal-height-no\" data-id=\"9c06f64\" data-element_type=\"section\" data-e-type=\"section\" data-settings=\"{&quot;background_background&quot;:&quot;classic&quot;}\">\n\t\t\t\t\t\t\t<div class=\"elementor-background-overlay\"><\/div>\n\t\t\t\t\t\t\t<div class=\"elementor-container elementor-column-gap-no\">\n\t\t\t\t\t<div class=\"elementor-column elementor-col-100 elementor-top-column elementor-element elementor-element-c759016\" data-id=\"c759016\" data-element_type=\"column\" data-e-type=\"column\">\n\t\t\t<div class=\"elementor-widget-wrap elementor-element-populated\">\n\t\t\t\t\t\t<div class=\"elementor-element elementor-element-1233781 elementor-widget elementor-widget-spacer\" data-id=\"1233781\" data-element_type=\"widget\" data-e-type=\"widget\" data-widget_type=\"spacer.default\">\n\t\t\t\t<div class=\"elementor-widget-container\">\n\t\t\t\t\t\t\t<div class=\"elementor-spacer\">\n\t\t\t<div class=\"elementor-spacer-inner\"><\/div>\n\t\t<\/div>\n\t\t\t\t\t\t<\/div>\n\t\t\t\t<\/div>\n\t\t\t\t<div class=\"elementor-element elementor-element-e2250fa elementor-widget elementor-widget-heading\" data-id=\"e2250fa\" data-element_type=\"widget\" data-e-type=\"widget\" data-widget_type=\"heading.default\">\n\t\t\t\t<div class=\"elementor-widget-container\">\n\t\t\t\t\t<h1 class=\"elementor-heading-title elementor-size-default\">Repenser l\u2019int\u00e9gration de l\u2019intelligence artificielle dans les organisations : une approche centr\u00e9e sur les PRATIQUES m\u00e9tier<\/h1>\t\t\t\t<\/div>\n\t\t\t\t<\/div>\n\t\t\t\t<section class=\"elementor-section elementor-inner-section elementor-element elementor-element-5fe18d5 elementor-section-full_width elementor-section-height-default elementor-section-height-default wpr-particle-no wpr-jarallax-no wpr-parallax-no wpr-sticky-section-no wpr-equal-height-no\" data-id=\"5fe18d5\" data-element_type=\"section\" data-e-type=\"section\">\n\t\t\t\t\t\t<div class=\"elementor-container elementor-column-gap-no\">\n\t\t\t\t\t<div class=\"elementor-column elementor-col-100 elementor-inner-column elementor-element elementor-element-2306653\" data-id=\"2306653\" data-element_type=\"column\" data-e-type=\"column\">\n\t\t\t<div class=\"elementor-widget-wrap elementor-element-populated\">\n\t\t\t\t\t\t<div class=\"elementor-element elementor-element-f9b3e70 elementor-widget elementor-widget-text-editor\" data-id=\"f9b3e70\" data-element_type=\"widget\" data-e-type=\"widget\" data-widget_type=\"text-editor.default\">\n\t\t\t\t<div class=\"elementor-widget-container\">\n\t\t\t\t\t\t\t\t\t<p><span class=\"entry-author\">Publi\u00e9 par Pedro Gomes Lopes le 30<\/span><span class=\"entry-date\"><time class=\"entry-date published\" datetime=\"2025-02-12T17:23:16+00:00\">\u00a0mars 2025<\/time><\/span><\/p>\t\t\t\t\t\t\t\t<\/div>\n\t\t\t\t<\/div>\n\t\t\t\t\t<\/div>\n\t\t<\/div>\n\t\t\t\t\t<\/div>\n\t\t<\/section>\n\t\t\t\t\t<\/div>\n\t\t<\/div>\n\t\t\t\t\t<\/div>\n\t\t<\/section>\n\t\t<div class=\"elementor-element elementor-element-645a61d2 e-flex e-con-boxed wpr-particle-no wpr-jarallax-no wpr-parallax-no wpr-sticky-section-no wpr-equal-height-no e-con e-parent\" data-id=\"645a61d2\" data-element_type=\"container\" data-e-type=\"container\">\n\t\t\t\t\t<div class=\"e-con-inner\">\n\t\t\t\t<div class=\"elementor-element elementor-element-30bb96db elementor-widget elementor-widget-text-editor\" data-id=\"30bb96db\" data-element_type=\"widget\" data-e-type=\"widget\" data-widget_type=\"text-editor.default\">\n\t\t\t\t<div class=\"elementor-widget-container\">\n\t\t\t\t\t\t\t\t\t<figure class=\"wp-block-image size-full\"><i>&nbsp;<\/i><\/figure>\n<figure class=\"wp-block-image size-full\"><i>Figure h\u00e9rit\u00e9e du \u00ab transmetteur du feu \u00bb, Prom\u00e9th\u00e9e est surtout connu pour avoir d\u00e9rob\u00e9 le feu sacr\u00e9 de l&rsquo;Olympe pour en faire don aux humains. Courrouc\u00e9 par cet acte d\u00e9loyal, Zeus le condamne \u00e0 \u00eatre attach\u00e9 \u00e0 un rocher sur le mont Caucase, son foie d\u00e9vor\u00e9 par l&rsquo;Aigle du Caucase chaque jour, et repoussant la nuit.<\/i><\/figure>\n<p><!-- \/wp:quote --><!-- wp:paragraph --><\/p>\n<p>Par Pedro Gomes Lopes, directeur conseil et doctorant \u00e0 l&rsquo;Ecole Polytechnique et Quentin Panissod, directeur conseil Intelligence Artificielle<\/p>\n<p><!-- \/wp:paragraph --><!-- wp:paragraph --><\/p>\n<p><strong>Introduction \u2013 Une question simple, des enjeux complexes<\/strong><\/p>\n<p><!-- \/wp:paragraph --><!-- wp:paragraph --><\/p>\n<p>\u00ab Pensez-vous que l\u2019IA pourrait vous aider dans votre m\u00e9tier ? \u00bb<\/p>\n<p><!-- \/wp:paragraph --><!-- wp:paragraph --><\/p>\n<p>Pos\u00e9e ainsi, cette question semble anodine. Pourtant, elle ouvre un vaste champ de r\u00e9flexion. Derri\u00e8re les promesses technologiques de l&rsquo;IA \u2013 productivit\u00e9, efficacit\u00e9, contr\u00f4le, personnalisation \u2013 se dessinent des tensions profondes : entre attentes et faisabilit\u00e9, entre injonctions \u00e0 innover et besoins r\u00e9els du m\u00e9tier, entre imaginaires projet\u00e9s et exp\u00e9riences v\u00e9cues.<\/p>\n<p><!-- \/wp:paragraph --><!-- wp:paragraph --><\/p>\n<p>Dans ce billet, nous nous appuyons sur le sch\u00e9ma du \u201c<a href=\"https:\/\/www.canva.com\/design\/DAGSU29fugg\/InArsISRA-y9HxqkccDSJA\/view?utm_content=DAGSU29fugg&amp;utm_campaign=designshare&amp;utm_medium=link&amp;utm_source=viewer\">Guide premiers pas IA<\/a>\u201d, con\u00e7u comme un outil de m\u00e9diation, pour explorer les conditions d\u2019un d\u00e9ploiement r\u00e9fl\u00e9chi et situ\u00e9 de l\u2019IA dans les organisations. Cette r\u00e9flexion s&rsquo;inscrit dans la continuit\u00e9 de nos travaux sur l&rsquo;intelligence artificielle, ses imaginaires et les conditions pour concevoir et utiliser cette technologie de mani\u00e8re r\u00e9ellement responsable.<\/p>\n<p><!-- \/wp:paragraph --><!-- wp:paragraph --><\/p>\n<p><strong>L\u2019IA ne doit pas \u00eatre un point de d\u00e9part, mais un pr\u00e9texte \u00e0 la r\u00e9flexion<\/strong><\/p>\n<p><!-- \/wp:paragraph --><!-- wp:paragraph --><\/p>\n<p>Une des pratiques les plus fr\u00e9quentes dans les projets d\u2019IA et d&rsquo;innovation technologique en g\u00e9n\u00e9ral consiste \u00e0 traiter la technologie comme une solution en qu\u00eate de probl\u00e8mes \u00e0 r\u00e9soudre. Pour aller au-del\u00e0, le \u201c<a href=\"https:\/\/www.canva.com\/design\/DAGSU29fugg\/InArsISRA-y9HxqkccDSJA\/view?utm_content=DAGSU29fugg&amp;utm_campaign=designshare&amp;utm_medium=link&amp;utm_source=editor\">Guide Premiers Pas IA<\/a>\u201d, con\u00e7u comme une d\u00e9marche dialogique, commence ainsi par une question simple mais fondamentale : \u201cPensez-vous que cela pourrait vous aider dans votre m\u00e9tier ?\u201d<\/p>\n<p><!-- \/wp:paragraph --><!-- wp:paragraph --><\/p>\n<p>Cette entr\u00e9e en mati\u00e8re engage les professionnels dans une posture r\u00e9flexive. Elle les pousse \u00e0 expliciter les dimensions de leur activit\u00e9 qu\u2019ils souhaiteraient pr\u00e9server, automatiser ou transformer. Ce questionnement renverse la logique d\u2019impl\u00e9mentation descendante et place les acteurs de terrain au c\u0153ur de la conception et de la d\u00e9marche du projet. En adoptant une posture de responsabilit\u00e9, vous renforcez aussi les chances d&rsquo;adoption de vos nouveaux logiciels \u00e0 base d&rsquo;IA.<\/p>\n<p><!-- \/wp:paragraph --><!-- wp:paragraph --><\/p>\n<p>Point de vigilance : l\u2019appropriation de l\u2019IA ne peut \u00eatre r\u00e9duite \u00e0 une logique d\u2019acculturation technique. Elle suppose un travail de mise en r\u00e9cit des usages potentiels qui soit connect\u00e9e aux r\u00e9alit\u00e9s et besoins du terrain.<\/p>\n<p><!-- \/wp:paragraph --><!-- wp:paragraph --><\/p>\n<p>Conclusion : Plut\u00f4t que d\u2019engager des projets IA en r\u00e9ponse \u00e0 des promesses venues de toutes parts, il est essentiel de cr\u00e9er des espaces d\u2019interrogation authentique au sein des \u00e9quipes. Ce d\u00e9tour r\u00e9flexif permet de reconnecter la technologie aux r\u00e9alit\u00e9s du travail et d\u2019\u00e9viter les \u00e9cueils d\u2019une innovation hors-sol, en posant d\u2019embl\u00e9e la question du sens.<\/p>\n<p><!-- \/wp:paragraph --><!-- wp:paragraph --><\/p>\n<p><strong>L\u2019arriv\u00e9e de l\u2019IA comme r\u00e9v\u00e9lateur des imaginaires professionnels et des tensions li\u00e9es aux nouvelles technologies dans les organisations<\/strong><\/p>\n<p><!-- \/wp:paragraph --><!-- wp:paragraph --><\/p>\n<p>L\u2019IA n&rsquo;arrive pas dans un vide. Elle s\u2019introduit dans des mondes professionnels structur\u00e9s, porteurs d\u2019imaginaires propres sur ce que signifie bien faire son travail, sur le r\u00f4le du jugement humain, sur la temporalit\u00e9 ou la place des relations humaines. Ces imaginaires, loin d\u2019\u00eatre anecdotiques, influencent fortement les conditions d\u2019adoption ou de rejet de l\u2019IA. Comme le rappelle Quentin Panissod (FP21, 2025), l\u2019IA est parfois mobilis\u00e9e davantage pour \u201cincarner une posture politique de modernisation\u201d que pour r\u00e9soudre des probl\u00e8mes concrets li\u00e9s au travail de tous les jours. Ce d\u00e9calage entre l\u2019intention strat\u00e9gique descendante et les pratiques de terrain cr\u00e9e des dissonances qu\u2019il convient de prendre au s\u00e9rieux si on ne veut pas gaspiller de pr\u00e9cieuses ressources qui auraient pu \u00eatre employ\u00e9es par ailleurs.<\/p>\n<p><!-- \/wp:paragraph --><!-- wp:paragraph --><\/p>\n<p>Conseil pour conduire le changement : organiser des ateliers narratifs ou des entretiens exploratoires pour recueillir les repr\u00e9sentations de l\u2019IA des salari\u00e9s, positives comme n\u00e9gatives, \u00e9valuer le chemin \u00e0 parcourir entre la culture d\u2019entreprise et les nouvelles valeurs port\u00e9es par cette technologie, penser la conduite du changement en int\u00e9grant le chemin \u00e0 parcourir pour r\u00e9sorber la distance culturelle.<\/p>\n<p><!-- \/wp:paragraph --><!-- wp:paragraph --><\/p>\n<p>Conclusion : Explorer l\u2019IA, c\u2019est aussi faire \u00e9merger les valeurs implicites qui sous-tendent les m\u00e9tiers. Ces imaginaires doivent \u00eatre reconnus comme des ressources pour guider les choix technologiques. Ne pas les int\u00e9grer, c\u2019est risquer de produire des fractures culturelles et un rejet silencieux ou non de l\u2019innovation.<\/p>\n<p><!-- \/wp:paragraph --><!-- wp:paragraph --><\/p>\n<p><strong>L\u2019innovation responsable : un cadre d\u2019analyse pour guider l\u2019action<\/strong><\/p>\n<p><!-- \/wp:paragraph --><!-- wp:paragraph --><\/p>\n<p>Dans notre recherche (Vuarin, Gomes Lopes &amp; Mass\u00e9, 2023), nous avons analys\u00e9 la multiplication des concepts \u00e9thiques li\u00e9s \u00e0 l\u2019IA et leur contribution \u00e0 une d\u00e9marche d&rsquo;innovation responsable : IA explicable, IA juste, IA durable, etc. Si cette profusion traduit une volont\u00e9 d\u2019encadrer le d\u00e9veloppement de l\u2019IA, elle soul\u00e8ve une difficult\u00e9 majeure : la plus ou moins faible articulation entre ces concepts et les r\u00e9alit\u00e9s organisationnelles.<\/p>\n<p><!-- \/wp:paragraph --><!-- wp:paragraph --><\/p>\n<p>Nous proposons d\u2019\u00e9valuer ces approches \u00e0 partir du concept de \u201cperformativit\u00e9\u201d : dans quelle mesure les concepts \u00e9thiques deviennent-ils des leviers r\u00e9els de transformation des pratiques ? Cela suppose l\u2019activation d\u2019une \u201cboucle performative\u201d entre :<\/p>\n<ul class=\"wp-block-list\">\n<li>Un concept porteur de sens (ex : \u201cIA digne de confiance\u201d),<\/li>\n<li>Des acteurs identifi\u00e9s qui s\u2019en emparent et qui le d\u00e9fendent,<\/li>\n<li>Des dispositifs techniques et organisationnels qui l\u2019op\u00e9rationnalisent.<\/li>\n<\/ul>\n<p><!-- \/wp:list-item --><\/p>\n<p><!-- \/wp:list --><!-- wp:paragraph --><\/p>\n<p>Exemple concret : tout au long des projets d\u2019innovation avec l\u2019IA, en parall\u00e8le du d\u00e9veloppement technologique, nous recommandons de penser et de mettre en \u0153uvre un comit\u00e9 d\u2019\u00e9thique IA (acteur) qui s\u2019appuie sur une charte de principes (concept) afin de guider l\u2019innovation dans une d\u00e9marche responsable (AI for good par exemple) d\u00e8s la phase de conception et \u00e9viter les risques \u00e9thiques, de non-adoption, de notori\u00e9t\u00e9, etc. qui pourront arriver en exploitation.<\/p>\n<p><!-- \/wp:paragraph --><!-- wp:paragraph --><\/p>\n<p>Conclusion : La responsabilit\u00e9 ne s\u2019improvise pas. Elle se structure \u00e0 travers des boucles r\u00e9flexives et des dispositifs concrets. Ce n\u2019est qu\u2019en liant les concepts (justice, transparence, etc.), les acteurs qui les portent, et les outils (chartes, comit\u00e9s, audits, xAI, etc.) que l\u2019IA peut devenir un levier d\u2019action durable et align\u00e9e sur les finalit\u00e9s sociales.<\/p>\n<p><!-- \/wp:paragraph --><!-- wp:paragraph --><\/p>\n<p><strong>Le secteur public : un exemple de terrain d\u2019exp\u00e9rimentation sous contraintes<\/strong><\/p>\n<p><!-- \/wp:paragraph --><!-- wp:paragraph --><\/p>\n<p>Les administrations publiques offrent un terrain d\u2019exp\u00e9rimentation riche mais exigeant pour l\u2019IA. Comme le souligne Pedro Gomes Lopes (FP21, 2025), la tension entre obligation de r\u00e9sultats et d\u2019autres valeurs telles que la transparence ou le respect des libert\u00e9s des citoyens y est particuli\u00e8rement forte.<\/p>\n<p><!-- \/wp:paragraph --><!-- wp:paragraph --><\/p>\n<p>Trois sp\u00e9cificit\u00e9s doivent \u00eatre prises en compte pour penser une adoption r\u00e9ussie dans le secteur public :<\/p>\n<ul class=\"wp-block-list\">\n<li>une culture professionnelle ancr\u00e9e dans le service \u00e0 l\u2019usager, peu compatible avec des logiques de rationalisation m\u00e9canique ;<\/li>\n<li>des contraintes juridiques et r\u00e9glementaires fortes (protection des donn\u00e9es, contr\u00f4le des l\u2019algorithmes, etc.) ;<\/li>\n<li>des capacit\u00e9s techniques et humaines h\u00e9t\u00e9rog\u00e8nes d\u2019une administration \u00e0 l\u2019autre.<\/li>\n<\/ul>\n<p><!-- \/wp:list-item --><\/p>\n<p><!-- \/wp:list --><!-- wp:paragraph --><\/p>\n<p>Recommandation : \u00e9viter les d\u00e9marches de \u201cproof of concept\u201d techno-centr\u00e9es, au profit de cycles it\u00e9ratifs impliquant les agents publics dans un mode de co-construction d\u00e8s les premi\u00e8res phases. Cela peut se relever plus co\u00fbteux \u00e0 court terme mais \u00e9conomiser beaucoup d&rsquo;argent public \u00e0 long terme.<\/p>\n<p><!-- \/wp:paragraph --><!-- wp:paragraph --><\/p>\n<p>Conclusion : Le secteur public incarne un laboratoire exigeant pour l\u2019IA. Sa complexit\u00e9 juridique, humaine et symbolique impose de sortir d\u2019une logique de d\u00e9monstration technologique pour privil\u00e9gier des d\u00e9marches it\u00e9ratives et participatives. La r\u00e9ussite ne r\u00e9side pas dans l\u2019adoption de solutions toutes faites, mais dans la co-construction de sens et de valeur publique.<\/p>\n<p><!-- \/wp:paragraph --><!-- wp:paragraph --><\/p>\n<p><strong>Une d\u00e9marche pas \u00e0 pas : vers une exploration responsable de l\u2019IA<\/strong><\/p>\n<p><!-- \/wp:paragraph --><!-- wp:paragraph --><\/p>\n<p>Mener des projets d\u2019innovation de mani\u00e8re responsable avec l\u2019IA ne rel\u00e8ve pas d\u2019une simple checklist. Cela suppose une progression ma\u00eetris\u00e9e, articul\u00e9e autour de moments de doute, d\u2019exp\u00e9rimentation, de reformulation, jusqu\u2019\u00e0 aboutir \u00e0 des r\u00e9sultats qui font sens et cr\u00e9ent un impact positif sur les organisations et les m\u00e9tiers. Le \u00ab\u00a0<a href=\"https:\/\/www.canva.com\/design\/DAGSU29fugg\/InArsISRA-y9HxqkccDSJA\/view?utm_content=DAGSU29fugg&amp;utm_campaign=designshare&amp;utm_medium=link&amp;utm_source=editor\">Guide Premiers Pas IA<\/a>\u00ab\u00a0, con\u00e7u comme un outil de m\u00e9diation visuelle et conversationnelle, constitue ici un pr\u00e9cieux fil conducteur. Ici nous proposons de structurer cette d\u00e9marche en six \u00e9tapes cl\u00e9s, enrichies \u00e0 partir des mat\u00e9riaux du guide, des retours d&rsquo;exp\u00e9riences des projets avec nos clients et nos recherches acad\u00e9miques. Ces \u00e9tapes peuvent \u00eatre trait\u00e9s au sein d\u2019ateliers d\u00e9di\u00e9s avec les m\u00e9tiers et\/ou parties prenantes concern\u00e9es par la question.<\/p>\n<p><!-- \/wp:paragraph --><!-- wp:separator --><\/p>\n<hr class=\"wp-block-separator has-alpha-channel-opacity\">\n<p><!-- \/wp:separator --><!-- wp:paragraph --><\/p>\n<p><strong>\u00c9tape 1 : Instaurer un moment de suspension<\/strong><\/p>\n<p><!-- \/wp:paragraph --><!-- wp:paragraph --><\/p>\n<p>Question-cl\u00e9 : Pensez-vous que l\u2019IA pourrait vous aider dans votre m\u00e9tier ?<\/p>\n<p><!-- \/wp:paragraph --><!-- wp:paragraph --><\/p>\n<p>Objectif : Cr\u00e9er un espace de r\u00e9flexion libre, sans injonction technologique.<\/p>\n<p>M\u00e9thode :<\/p>\n<p><!-- \/wp:list-item --><!-- wp:list-item --><\/p>\n<ul class=\"wp-block-list\">\n<li>Organisation d\u2019un temps collectif de questionnement ouvert (atelier 1h ou 1h30).<\/li>\n<li>Animation par une tierce personne (charg\u00e9 d\u2019innovation, chercheur, facilitateur) pour garantir un cadre non prescriptif.<\/li>\n<li>Invitation \u00e0 exprimer ce que chacun(e) attend (ou redoute) de l\u2019IA.<\/li>\n<li>\u00c0 \u00e9viter : Lancer la r\u00e9union avec des cas d\u2019usage pr\u00e9\u00e9tablis ou des outils d\u00e9j\u00e0 choisis.<\/li>\n<li>Effet attendu : Faire \u00e9merger des pr\u00e9occupations situ\u00e9es dans cas concrets et activer des imaginaires.<\/li>\n<\/ul>\n<ul class=\"wp-block-list\">\n<li style=\"list-style-type: none;\">&nbsp;<\/li>\n<\/ul>\n<p><!-- \/wp:list-item --><\/p>\n<p><!-- \/wp:list --><!-- wp:separator --><\/p>\n<hr class=\"wp-block-separator has-alpha-channel-opacity\">\n<p><!-- \/wp:separator --><!-- wp:paragraph --><\/p>\n<p><strong>\u00c9tape 2 : Cartographier les id\u00e9es d\u2019usage (m\u00eame vagues)<\/strong><\/p>\n<p><!-- \/wp:paragraph --><!-- wp:paragraph --><\/p>\n<p>Invitation : Vous avez des id\u00e9es d\u2019usages de l\u2019IA ?<\/p>\n<p><!-- \/wp:paragraph --><!-- wp:paragraph --><\/p>\n<p>Objectif : Valoriser les intuitions, m\u00eame impr\u00e9cises, des professionnel(les).<\/p>\n<p>M\u00e9thode :<\/p>\n<p><!-- \/wp:list-item --><!-- wp:list-item --><\/p>\n<ul class=\"wp-block-list\">\n<li>Techniques de remue-m\u00e9ninges guid\u00e9es : \u201cl\u2019IA dans ma journ\u00e9e type\u201d, \u201cce que j\u2019aimerais qu\u2019un assistant intelligent fasse pour moi\u201d, etc.<\/li>\n<li>Classement des id\u00e9es selon leur proximit\u00e9 avec les t\u00e2ches r\u00e9elles.<\/li>\n<li>Identification de tensions : entre automatisations possibles et t\u00e2ches pour lesquelles une \u00e9volution est non n\u00e9gociable, entre m\u00e9tier v\u00e9cu et missions prescrites.<\/li>\n<li>\u00c0 \u00e9viter : Chercher la \u201cbonne id\u00e9e\u201d tout de suite.<\/li>\n<li>Effet attendu : Mettre \u00e0 plat les repr\u00e9sentations fonctionnelles et affectives de l\u2019IA.<\/li>\n<\/ul>\n<ul class=\"wp-block-list\">\n<li style=\"list-style-type: none;\">&nbsp;<\/li>\n<\/ul>\n<p><!-- \/wp:list-item --><\/p>\n<p><!-- \/wp:list --><!-- wp:separator --><\/p>\n<hr class=\"wp-block-separator has-alpha-channel-opacity\">\n<p><!-- \/wp:separator --><!-- wp:paragraph --><\/p>\n<p><strong>\u00c9tape 3 : Mettre \u00e0 l\u2019\u00e9preuve la valeur ajout\u00e9e r\u00e9elle<\/strong><\/p>\n<p><!-- \/wp:paragraph --><!-- wp:paragraph --><\/p>\n<p>Relance : Pensez-vous que cela pourrait vraiment vous aider ?<\/p>\n<p><!-- \/wp:paragraph --><!-- wp:paragraph --><\/p>\n<p>Objectif : D\u00e9passer l\u2019effet \u201cwaouh\u201d pour revenir \u00e0 l\u2019utilit\u00e9 m\u00e9tier r\u00e9elle.<\/p>\n<p><!-- \/wp:paragraph --><!-- wp:paragraph --><\/p>\n<p>M\u00e9thode : Analyse en petit groupe de quelques cas concrets : quelles seraient les implications d\u2019un tel usage ?<\/p>\n<p><!-- \/wp:paragraph --><!-- wp:paragraph --><\/p>\n<p>Introduction de sc\u00e9narios contrast\u00e9s : \u201cet si cela fonctionnait mal ?\u201d, \u201cet si cela modifiait vos relations avec les coll\u00e8gues ?\u201d<\/p>\n<p><!-- \/wp:paragraph --><!-- wp:paragraph --><\/p>\n<p>Utilisation d\u2019outils pour cartographier les tensions \u00e0 g\u00e9rer : impacts sur l\u2019autonomie, la qualit\u00e9, l\u2019\u00e9thique, l\u2019identit\u00e9 professionnelle, la nature du travail.<\/p>\n<p><!-- \/wp:paragraph --><!-- wp:paragraph --><\/p>\n<p>\u00c0 \u00e9viter : R\u00e9duire la discussion \u00e0 un co\u00fbt\/b\u00e9n\u00e9fice technico-\u00e9conomique.<\/p>\n<p><!-- \/wp:paragraph --><!-- wp:paragraph --><\/p>\n<p>Effet attendu : D\u00e9passer l\u2019effet \u00ab waouh \u00bb pour avoir une r\u00e9elle perspective des impacts de la technologie sur l\u2019organisation et le management et imaginer les logiciels d\u2019IA de mani\u00e8re responsable afin de cr\u00e9er de la valeur globale lors de leur d\u00e9ploiement.<\/p>\n<p><!-- \/wp:paragraph --><!-- wp:separator --><\/p>\n<hr class=\"wp-block-separator has-alpha-channel-opacity\">\n<p><!-- \/wp:separator --><!-- wp:paragraph --><\/p>\n<p><strong>\u00c9tape 4 : Confronter les promesses \u00e0 la r\u00e9alit\u00e9 technologique<\/strong><\/p>\n<p><!-- \/wp:paragraph --><!-- wp:paragraph --><\/p>\n<p>Avertissement du guide : Se pr\u00e9cipiter est une erreur commune.<\/p>\n<p><!-- \/wp:paragraph --><!-- wp:paragraph --><\/p>\n<p>Objectif : \u00c9valuer la faisabilit\u00e9 et les implications concr\u00e8tes des promesses.<\/p>\n<p>M\u00e9thode :<\/p>\n<p><!-- \/wp:list-item --><!-- wp:list-item --><\/p>\n<ul class=\"wp-block-list\">\n<li>R\u00e9union exploratoire avec un ou deux interlocuteurs techniques (DSI, prestataire IA, start-up locale).<\/li>\n<li>D\u00e9monstration de prototypes ou outils existants proches de l\u2019id\u00e9e formul\u00e9e.<\/li>\n<li>Diagnostic des \u00e9carts entre l\u2019usage imagin\u00e9 et les conditions r\u00e9elles de mise en \u0153uvre.<\/li>\n<li>\u00c0 \u00e9viter : Laisser la technique imposer seule ses normes de faisabilit\u00e9.<\/li>\n<li>Effet attendu : Ouvrir un dialogue entre m\u00e9tiers, strat\u00e9gie et technologie afin d\u2019avoir une compr\u00e9hension commune des tenants et aboutissants de ces projets et des usages auxquels ils donnent lieu.<\/li>\n<\/ul>\n<p><!-- \/wp:list-item --><\/p>\n<p><!-- \/wp:list --><!-- wp:separator --><\/p>\n<hr class=\"wp-block-separator has-alpha-channel-opacity\">\n<p><!-- \/wp:separator --><!-- wp:paragraph --><\/p>\n<p><strong>\u00c9tape 5 : Exp\u00e9rimenter \u00e0 petite \u00e9chelle pour cr\u00e9er des apprentissages utiles<\/strong><\/p>\n<p><!-- \/wp:paragraph --><!-- wp:paragraph --><\/p>\n<p>Cadre m\u00e9thodologique : construire un \u201cbac \u00e0 sable\u201d de test responsable.<\/p>\n<p><!-- \/wp:paragraph --><!-- wp:paragraph --><\/p>\n<p>Objectif : Passer du concept \u00e0 l\u2019exp\u00e9rience sans s\u2019engager sur un d\u00e9ploiement global.<\/p>\n<p>M\u00e9thode :<\/p>\n<p><!-- \/wp:list-item --><!-- wp:list-item --><\/p>\n<ul class=\"wp-block-list\">\n<li>S\u00e9lection d\u2019un micro-usage testable sur 2 \u00e0 4 semaines.<\/li>\n<li>Mise en place d\u2019un protocole l\u00e9ger de suivi (journal simplifi\u00e9 des fonctionnalit\u00e9s, cahier de tests, entretiens rapides avec de potentiels utilisateurs, etc.).<\/li>\n<li>Organisation d\u2019un retour collectif avec reformulation des attentes : qu\u2019a-t-on appris ? Que retient-on ? Que faut-il abandonner ?<\/li>\n<li>\u00c0 \u00e9viter : Imposer des indicateurs pr\u00e9d\u00e9finis ou une grille d\u2019\u00e9valuation descendante.<\/li>\n<li>Effet attendu : Passer de l\u2019exp\u00e9rimentation \u00e0 l\u2019apprentissage organisationnel.<\/li>\n<\/ul>\n<ul class=\"wp-block-list\">\n<li style=\"list-style-type: none;\">&nbsp;<\/li>\n<\/ul>\n<p><!-- \/wp:list-item --><\/p>\n<p><!-- \/wp:list --><!-- wp:separator --><\/p>\n<hr class=\"wp-block-separator has-alpha-channel-opacity\">\n<p><!-- \/wp:separator --><!-- wp:paragraph --><\/p>\n<p><strong>\u00c9tape 6 : Ouvrir un d\u00e9bat collectif sur le sens du m\u00e9tier et l\u2019avenir du travail<\/strong><\/p>\n<p><!-- \/wp:paragraph --><!-- wp:paragraph --><\/p>\n<p>Cl\u00e9 du guide : Ce n\u2019est pas que l\u2019outil, mais la discussion qu\u2019il ouvre et les apprentissages qu&rsquo;il g\u00e9n\u00e8re qui comptent.<\/p>\n<p><!-- \/wp:paragraph --><!-- wp:paragraph --><\/p>\n<p>Objectif : Faire de l\u2019IA un objet-fronti\u00e8re pour questionner les finalit\u00e9s collectives.<\/p>\n<p>M\u00e9thode :<\/p>\n<p><!-- \/wp:list-item --><!-- wp:list-item --><\/p>\n<ul class=\"wp-block-list\">\n<li>Organisation d\u2019un s\u00e9minaire crois\u00e9 avec des coll\u00e8gues d\u2019autres services.<\/li>\n<li>Pr\u00e9sentation crois\u00e9e de plusieurs id\u00e9es\/exp\u00e9riences aux salari\u00e9s qui n\u2019ont pas particip\u00e9 aux projets, avec un animateur externe ou chercheur.<\/li>\n<li>Int\u00e9gration des questions de responsabilit\u00e9, d\u2019\u00e9quit\u00e9, d\u2019impact environnemental et social, etc.<\/li>\n<\/ul>\n<ul class=\"wp-block-list\">\n<li style=\"list-style-type: none;\">&nbsp;<\/li>\n<\/ul>\n<p><!-- \/wp:list-item --><\/p>\n<p><!-- \/wp:list --><!-- wp:paragraph --><\/p>\n<p>\u00c0 \u00e9viter : R\u00e9duire le d\u00e9bat \u00e0 un arbitrage budget\/efficacit\u00e9.<\/p>\n<p><!-- \/wp:paragraph --><!-- wp:paragraph --><\/p>\n<p>Effet attendu : Faire de l\u2019IA un levier de transformation organisationnelle partag\u00e9e.<\/p>\n<p><!-- \/wp:paragraph --><!-- wp:paragraph --><\/p>\n<p>Conclusion : L\u2019exploration de l\u2019IA ne peut se r\u00e9sumer \u00e0 une feuille de route technologique. Elle n\u00e9cessite un cheminement progressif, qui articule les doutes, les exp\u00e9rimentations locales, et les d\u00e9bats collectifs. En ce sens, le \u00ab\u00a0<a href=\"https:\/\/www.canva.com\/design\/DAGSU29fugg\/InArsISRA-y9HxqkccDSJA\/view?utm_content=DAGSU29fugg&amp;utm_campaign=designshare&amp;utm_medium=link&amp;utm_source=editor\">Guide Premiers Pas IA<\/a>\u00a0\u00bb n\u2019est pas un outil d\u2019acculturation, mais un d\u00e9clencheur de transformation organisationnelle centr\u00e9e sur les m\u00e9tiers et leurs finalit\u00e9s.<\/p>\n<p><!-- \/wp:paragraph --><!-- wp:paragraph --><\/p>\n<p><strong>Conclusion g\u00e9n\u00e9rale \u2013 L\u2019intelligence artificielle comme catalyseur de r\u00e9flexivit\u00e9 collective<\/strong><\/p>\n<p><!-- \/wp:paragraph --><!-- wp:paragraph --><\/p>\n<p>Explorer les usages de l\u2019intelligence artificielle de mani\u00e8re responsable, ce n\u2019est pas simplement tester une technologie prometteuse. C\u2019est accepter de mettre \u00e0 l\u2019\u00e9preuve nos certitudes professionnelles, nos routines organisationnelles et nos repr\u00e9sentations du progr\u00e8s. L\u2019IA, en tant que technologie symboliquement puissante, agit comme un miroir grossissant des tensions qui traversent les organisations : entre efficacit\u00e9 et \u00e9quit\u00e9, entre autonomie et contr\u00f4le, entre logique m\u00e9tier et logique manag\u00e9riale.<\/p>\n<p><!-- \/wp:paragraph --><!-- wp:paragraph --><\/p>\n<p>Plut\u00f4t que de chercher \u00e0 \u201cint\u00e9grer l\u2019IA\u201d dans les processus existants, il s\u2019agit de reconsid\u00e9rer ces processus \u00e0 la lumi\u00e8re de ce que l\u2019IA permet, mais aussi de ce qu\u2019elle menace. Cela suppose de mettre en place des espaces hybrides, m\u00ealant acteurs techniques, acteurs de terrain, d\u00e9cideurs et chercheurs, capables de dialoguer sur les usages souhaitables plut\u00f4t que sur les seules performances techniques possibles.<\/p>\n<p><!-- \/wp:paragraph --><!-- wp:paragraph --><\/p>\n<p>Nous plaidons ainsi pour une gouvernance situ\u00e9e de l\u2019IA, fond\u00e9e sur l\u2019\u00e9coute, l\u2019exp\u00e9rimentation, le droit \u00e0 l\u2019erreur, et la mise en d\u00e9bat des enjeux sociaux et \u00e9thiques. L\u2019innovation v\u00e9ritable ne r\u00e9side pas dans l\u2019adoption de technologies de pointe, mais dans la capacit\u00e9 des organisations \u00e0 s\u2019interroger collectivement sur leur avenir \u00e0 travers elles et \u00e0 agir en cons\u00e9quence.<\/p>\n<p><!-- \/wp:paragraph --><!-- wp:paragraph --><\/p>\n<p>En d\u00e9finitive, une IA responsable n\u2019est pas celle qui respecte simplement des normes. C\u2019est celle qui ouvre des possibles sans refermer le d\u00e9bat, qui augmente le pouvoir d\u2019agir sans dissoudre la responsabilit\u00e9, et qui alimente l\u2019intelligence collective plut\u00f4t que de la remplacer.<\/p>\n<p><!-- \/wp:paragraph --><!-- wp:paragraph --><\/p>\n<p><strong>Pour aller plus loin<\/strong><\/p>\n<p><!-- \/wp:paragraph --><!-- wp:paragraph --><\/p>\n<p>Article de recherche : Vuarin, L., Gomes Lopes, P., &amp; Mass\u00e9, D. (2023). <em>L\u2019intelligence artificielle peut-elle \u00eatre une innovation responsable\u202f?<\/em> Innovations, 72(3), 101\u2013129. <a href=\"https:\/\/shs.cairn.info\/article\/INNO_PR2_0153?tab=texte-integral\">DOI : 10.3917\/inno.072.0101<\/a><br>Livre blanc : FP21 \u2013 Fonction publique du XXIe si\u00e8cle. (2025). <em>Chat GPT ne fera pas le caf\u00e9<\/em>. <a href=\"https:\/\/fp21.fr\/wp-content\/uploads\/2025\/01\/Livre-Blanc-FP21-IA-2025.pdf\">Lien PDF<\/a><\/p>\n<p><!-- \/wp:paragraph --><!-- wp:paragraph --><\/p>\n<p><strong>Et vous, pr\u00eat \u00e0 passer \u00e0 l\u2019action ?<\/strong><\/p>\n<p>Au-del\u00e0 de l&rsquo;ensemble des ateliers d\u00e9crits ci-dessus, voici quelques leviers concrets pour maitriser et d\u00e9risquer vos projets IA &amp; data et les rendre plus responsables :<\/p>\n<p><!-- \/wp:list-item --><!-- wp:list-item --><\/p>\n<ul class=\"wp-block-list\">\n<li>Diag data et IA Bpifrance : ce dispositif co-finance une \u00e9tude du potentiel data et IA pour les PME.<\/li>\n<li>Appels \u00e0 projets France 2030 : de nombreux appels \u00e0 projets co-financent des projets d\u2019IA au service de la transition \u00e9cologique, des projets de communs num\u00e9riques, etc. Nous avons d\u00e9j\u00e0 accompagn\u00e9 une dizaine de clients et partenaires sur des dossiers IA France 2030.<\/li>\n<li>Accompagnement \u00e0 la labellisation num\u00e9rique responsable : l\u2019ADEME co-finance l\u2019accompagnement de la pr\u00e9paration au label num\u00e9rique responsable pour les PME.<\/li>\n<\/ul>\n<ul class=\"wp-block-list\">\n<li style=\"list-style-type: none;\">&nbsp;<\/li>\n<\/ul>\n<p><!-- \/wp:list-item --><\/p>\n<p><!-- \/wp:list --><!-- wp:paragraph --><\/p>\n<p><!-- \/wp:paragraph --><\/p>\t\t\t\t\t\t\t\t<\/div>\n\t\t\t\t<\/div>\n\t\t\t\t\t<\/div>\n\t\t\t\t<\/div>\n\t\t\t\t<\/div>\n\t\t","protected":false},"excerpt":{"rendered":"<p>Repenser l\u2019int\u00e9gration de l\u2019intelligence artificielle dans les organisations : une approche centr\u00e9e sur les PRATIQUES m\u00e9tier Publi\u00e9 par Pedro Gomes Lopes le 30\u00a0mars 2025 &nbsp; Figure h\u00e9rit\u00e9e du \u00ab transmetteur du feu \u00bb, Prom\u00e9th\u00e9e est surtout connu pour avoir d\u00e9rob\u00e9 le feu sacr\u00e9 de l&rsquo;Olympe pour en faire don aux humains. Courrouc\u00e9 par cet acte d\u00e9loyal, Zeus le condamne \u00e0 \u00eatre attach\u00e9 \u00e0 un rocher sur le mont Caucase, son foie d\u00e9vor\u00e9 par l&rsquo;Aigle du Caucase chaque jour, et repoussant la nuit. Par Pedro Gomes Lopes, directeur conseil et doctorant \u00e0 l&rsquo;Ecole Polytechnique et Quentin Panissod, directeur conseil Intelligence Artificielle Introduction \u2013 Une question simple, des enjeux complexes \u00ab Pensez-vous que l\u2019IA pourrait vous aider dans votre m\u00e9tier ? \u00bb Pos\u00e9e ainsi, cette question semble anodine. Pourtant, elle ouvre un vaste champ de r\u00e9flexion. Derri\u00e8re les promesses technologiques de l&rsquo;IA \u2013 productivit\u00e9, efficacit\u00e9, contr\u00f4le, personnalisation \u2013 se dessinent des tensions profondes : entre attentes et faisabilit\u00e9, entre injonctions \u00e0 innover et besoins r\u00e9els du m\u00e9tier, entre imaginaires projet\u00e9s et exp\u00e9riences v\u00e9cues. Dans ce billet, nous nous appuyons sur le sch\u00e9ma du \u201cGuide premiers pas IA\u201d, con\u00e7u comme un outil de m\u00e9diation, pour explorer les conditions d\u2019un d\u00e9ploiement r\u00e9fl\u00e9chi et situ\u00e9 de l\u2019IA dans les organisations. Cette r\u00e9flexion s&rsquo;inscrit dans la continuit\u00e9 de nos travaux sur l&rsquo;intelligence artificielle, ses imaginaires et les conditions pour concevoir et utiliser cette technologie de mani\u00e8re r\u00e9ellement responsable. L\u2019IA ne doit pas \u00eatre un point de d\u00e9part, mais un pr\u00e9texte \u00e0 la r\u00e9flexion Une des pratiques les plus fr\u00e9quentes dans les projets d\u2019IA et d&rsquo;innovation technologique en g\u00e9n\u00e9ral consiste \u00e0 traiter la technologie comme une solution en qu\u00eate de probl\u00e8mes \u00e0 r\u00e9soudre. Pour aller au-del\u00e0, le \u201cGuide Premiers Pas IA\u201d, con\u00e7u comme une d\u00e9marche dialogique, commence ainsi par une question simple mais fondamentale : \u201cPensez-vous que cela pourrait vous aider dans votre m\u00e9tier ?\u201d Cette entr\u00e9e en mati\u00e8re engage les professionnels dans une posture r\u00e9flexive. Elle les pousse \u00e0 expliciter les dimensions de leur activit\u00e9 qu\u2019ils souhaiteraient pr\u00e9server, automatiser ou transformer. Ce questionnement renverse la logique d\u2019impl\u00e9mentation descendante et place les acteurs de terrain au c\u0153ur de la conception et de la d\u00e9marche du projet. En adoptant une posture de responsabilit\u00e9, vous renforcez aussi les chances d&rsquo;adoption de vos nouveaux logiciels \u00e0 base d&rsquo;IA. Point de vigilance : l\u2019appropriation de l\u2019IA ne peut \u00eatre r\u00e9duite \u00e0 une logique d\u2019acculturation technique. Elle suppose un travail de mise en r\u00e9cit des usages potentiels qui soit connect\u00e9e aux r\u00e9alit\u00e9s et besoins du terrain. Conclusion : Plut\u00f4t que d\u2019engager des projets IA en r\u00e9ponse \u00e0 des promesses venues de toutes parts, il est essentiel de cr\u00e9er des espaces d\u2019interrogation authentique au sein des \u00e9quipes. Ce d\u00e9tour r\u00e9flexif permet de reconnecter la technologie aux r\u00e9alit\u00e9s du travail et d\u2019\u00e9viter les \u00e9cueils d\u2019une innovation hors-sol, en posant d\u2019embl\u00e9e la question du sens. L\u2019arriv\u00e9e de l\u2019IA comme r\u00e9v\u00e9lateur des imaginaires professionnels et des tensions li\u00e9es aux nouvelles technologies dans les organisations L\u2019IA n&rsquo;arrive pas dans un vide. Elle s\u2019introduit dans des mondes professionnels structur\u00e9s, porteurs d\u2019imaginaires propres sur ce que signifie bien faire son travail, sur le r\u00f4le du jugement humain, sur la temporalit\u00e9 ou la place des relations humaines. Ces imaginaires, loin d\u2019\u00eatre anecdotiques, influencent fortement les conditions d\u2019adoption ou de rejet de l\u2019IA. Comme le rappelle Quentin Panissod (FP21, 2025), l\u2019IA est parfois mobilis\u00e9e davantage pour \u201cincarner une posture politique de modernisation\u201d que pour r\u00e9soudre des probl\u00e8mes concrets li\u00e9s au travail de tous les jours. Ce d\u00e9calage entre l\u2019intention strat\u00e9gique descendante et les pratiques de terrain cr\u00e9e des dissonances qu\u2019il convient de prendre au s\u00e9rieux si on ne veut pas gaspiller de pr\u00e9cieuses ressources qui auraient pu \u00eatre employ\u00e9es par ailleurs. Conseil pour conduire le changement : organiser des ateliers narratifs ou des entretiens exploratoires pour recueillir les repr\u00e9sentations de l\u2019IA des salari\u00e9s, positives comme n\u00e9gatives, \u00e9valuer le chemin \u00e0 parcourir entre la culture d\u2019entreprise et les nouvelles valeurs port\u00e9es par cette technologie, penser la conduite du changement en int\u00e9grant le chemin \u00e0 parcourir pour r\u00e9sorber la distance culturelle. Conclusion : Explorer l\u2019IA, c\u2019est aussi faire \u00e9merger les valeurs implicites qui sous-tendent les m\u00e9tiers. Ces imaginaires doivent \u00eatre reconnus comme des ressources pour guider les choix technologiques. Ne pas les int\u00e9grer, c\u2019est risquer de produire des fractures culturelles et un rejet silencieux ou non de l\u2019innovation. L\u2019innovation responsable : un cadre d\u2019analyse pour guider l\u2019action Dans notre recherche (Vuarin, Gomes Lopes &amp; Mass\u00e9, 2023), nous avons analys\u00e9 la multiplication des concepts \u00e9thiques li\u00e9s \u00e0 l\u2019IA et leur contribution \u00e0 une d\u00e9marche d&rsquo;innovation responsable : IA explicable, IA juste, IA durable, etc. Si cette profusion traduit une volont\u00e9 d\u2019encadrer le d\u00e9veloppement de l\u2019IA, elle soul\u00e8ve une difficult\u00e9 majeure : la plus ou moins faible articulation entre ces concepts et les r\u00e9alit\u00e9s organisationnelles. Nous proposons d\u2019\u00e9valuer ces approches \u00e0 partir du concept de \u201cperformativit\u00e9\u201d : dans quelle mesure les concepts \u00e9thiques deviennent-ils des leviers r\u00e9els de transformation des pratiques ? Cela suppose l\u2019activation d\u2019une \u201cboucle performative\u201d entre : Un concept porteur de sens (ex : \u201cIA digne de confiance\u201d), Des acteurs identifi\u00e9s qui s\u2019en emparent et qui le d\u00e9fendent, Des dispositifs techniques et organisationnels qui l\u2019op\u00e9rationnalisent. Exemple concret : tout au long des projets d\u2019innovation avec l\u2019IA, en parall\u00e8le du d\u00e9veloppement technologique, nous recommandons de penser et de mettre en \u0153uvre un comit\u00e9 d\u2019\u00e9thique IA (acteur) qui s\u2019appuie sur une charte de principes (concept) afin de guider l\u2019innovation dans une d\u00e9marche responsable (AI for good par exemple) d\u00e8s la phase de conception et \u00e9viter les risques \u00e9thiques, de non-adoption, de notori\u00e9t\u00e9, etc. qui pourront arriver en exploitation. Conclusion : La responsabilit\u00e9 ne s\u2019improvise pas. Elle se structure \u00e0 travers des boucles r\u00e9flexives et des dispositifs concrets. Ce n\u2019est qu\u2019en liant les concepts (justice, transparence, etc.), les acteurs qui les portent, et les outils (chartes, comit\u00e9s, audits, xAI, etc.) que l\u2019IA peut devenir un levier d\u2019action durable et align\u00e9e sur les finalit\u00e9s sociales. Le secteur public : un exemple de terrain d\u2019exp\u00e9rimentation sous contraintes Les administrations publiques offrent un terrain d\u2019exp\u00e9rimentation riche mais &hellip; <\/p>\n<p class=\"link-more\"><a href=\"https:\/\/the-swarm.eu\/index.php\/2025\/03\/30\/repenser-lintegration-de-lia-dans-les-organisations-une-approche-centree-sur-les-realites-metier\/\" class=\"more-link\">Lire la suite de<span class=\"screen-reader-text\">\u00ab\u00a0Repenser l\u2019int\u00e9gration de l\u2019intelligence artificielle dans les organisations: une approche centr\u00e9e sur les r\u00e9alit\u00e9s m\u00e9tier\u00a0\u00bb<\/span><\/a><\/p>\n","protected":false},"author":2,"featured_media":3136,"comment_status":"open","ping_status":"open","sticky":false,"template":"elementor_header_footer","format":"standard","meta":{"_jetpack_memberships_contains_paid_content":false,"footnotes":""},"categories":[1],"tags":[],"class_list":["post-3059","post","type-post","status-publish","format-standard","has-post-thumbnail","hentry","category-rse"],"yoast_head":"<!-- This site is optimized with the Yoast SEO plugin v27.5 - https:\/\/yoast.com\/product\/yoast-seo-wordpress\/ -->\n<title>Repenser l\u2019int\u00e9gration de l\u2019intelligence artificielle dans les organisations: une approche centr\u00e9e sur les r\u00e9alit\u00e9s m\u00e9tier - The Swarm<\/title>\n<meta name=\"description\" content=\"L&#039;Ecolabel Europ\u00e9en est une certification \u00e9cologique officielle exigeante et la Clef Verte est une certification plus accessible et souple.\" \/>\n<meta name=\"robots\" content=\"index, follow, max-snippet:-1, max-image-preview:large, max-video-preview:-1\" \/>\n<link rel=\"canonical\" href=\"https:\/\/the-swarm.eu\/index.php\/2025\/03\/30\/repenser-lintegration-de-lia-dans-les-organisations-une-approche-centree-sur-les-realites-metier\/\" \/>\n<meta property=\"og:locale\" content=\"fr_FR\" \/>\n<meta property=\"og:type\" content=\"article\" \/>\n<meta property=\"og:title\" content=\"L\u2019\u00c9colabel Europ\u00e9en : un atout au service de la transition du secteur touristique en Europe dans un contexte de fragilisation du Pacte vert\" \/>\n<meta property=\"og:description\" content=\"L&#039;Ecolabel Europ\u00e9en est une certification \u00e9cologique officielle exigeante et la Clef Verte est une certification plus accessible et souple.\" \/>\n<meta property=\"og:url\" content=\"https:\/\/the-swarm.eu\/index.php\/2025\/03\/30\/repenser-lintegration-de-lia-dans-les-organisations-une-approche-centree-sur-les-realites-metier\/\" \/>\n<meta property=\"og:site_name\" content=\"The Swarm\" \/>\n<meta property=\"article:published_time\" content=\"2025-03-30T22:09:56+00:00\" \/>\n<meta property=\"article:modified_time\" content=\"2025-05-24T11:30:20+00:00\" \/>\n<meta property=\"og:image\" content=\"https:\/\/the-swarm.eu\/wp-content\/uploads\/2025\/03\/Peter_Paul_RUBENS_-_Promethee_enchaine.jpg\" \/>\n\t<meta property=\"og:image:width\" content=\"960\" \/>\n\t<meta property=\"og:image:height\" content=\"1280\" \/>\n\t<meta property=\"og:image:type\" content=\"image\/jpeg\" \/>\n<meta name=\"author\" content=\"Pedro Gomes Lopes\" \/>\n<meta name=\"twitter:card\" content=\"summary_large_image\" \/>\n<meta name=\"twitter:label1\" content=\"\u00c9crit par\" \/>\n\t<meta name=\"twitter:data1\" content=\"Pedro Gomes Lopes\" \/>\n\t<meta name=\"twitter:label2\" content=\"Dur\u00e9e de lecture estim\u00e9e\" \/>\n\t<meta name=\"twitter:data2\" content=\"13 minutes\" \/>\n<script type=\"application\/ld+json\" class=\"yoast-schema-graph\">{\"@context\":\"https:\\\/\\\/schema.org\",\"@graph\":[{\"@type\":\"Article\",\"@id\":\"https:\\\/\\\/the-swarm.eu\\\/index.php\\\/2025\\\/03\\\/30\\\/repenser-lintegration-de-lia-dans-les-organisations-une-approche-centree-sur-les-realites-metier\\\/#article\",\"isPartOf\":{\"@id\":\"https:\\\/\\\/the-swarm.eu\\\/index.php\\\/2025\\\/03\\\/30\\\/repenser-lintegration-de-lia-dans-les-organisations-une-approche-centree-sur-les-realites-metier\\\/\"},\"author\":{\"name\":\"Pedro Gomes Lopes\",\"@id\":\"https:\\\/\\\/the-swarm.eu\\\/#\\\/schema\\\/person\\\/4f3930239a7c9b1f2787af97b906dc15\"},\"headline\":\"Repenser l\u2019int\u00e9gration de l\u2019intelligence artificielle dans les organisations: une approche centr\u00e9e sur les r\u00e9alit\u00e9s m\u00e9tier\",\"datePublished\":\"2025-03-30T22:09:56+00:00\",\"dateModified\":\"2025-05-24T11:30:20+00:00\",\"mainEntityOfPage\":{\"@id\":\"https:\\\/\\\/the-swarm.eu\\\/index.php\\\/2025\\\/03\\\/30\\\/repenser-lintegration-de-lia-dans-les-organisations-une-approche-centree-sur-les-realites-metier\\\/\"},\"wordCount\":2780,\"commentCount\":0,\"publisher\":{\"@id\":\"https:\\\/\\\/the-swarm.eu\\\/#organization\"},\"image\":{\"@id\":\"https:\\\/\\\/the-swarm.eu\\\/index.php\\\/2025\\\/03\\\/30\\\/repenser-lintegration-de-lia-dans-les-organisations-une-approche-centree-sur-les-realites-metier\\\/#primaryimage\"},\"thumbnailUrl\":\"https:\\\/\\\/the-swarm.eu\\\/wp-content\\\/uploads\\\/2025\\\/03\\\/Peter_Paul_RUBENS_-_Promethee_enchaine.jpg\",\"articleSection\":[\"H\u00f4tellerie responsable et durable\"],\"inLanguage\":\"fr-FR\",\"potentialAction\":[{\"@type\":\"CommentAction\",\"name\":\"Comment\",\"target\":[\"https:\\\/\\\/the-swarm.eu\\\/index.php\\\/2025\\\/03\\\/30\\\/repenser-lintegration-de-lia-dans-les-organisations-une-approche-centree-sur-les-realites-metier\\\/#respond\"]}]},{\"@type\":\"WebPage\",\"@id\":\"https:\\\/\\\/the-swarm.eu\\\/index.php\\\/2025\\\/03\\\/30\\\/repenser-lintegration-de-lia-dans-les-organisations-une-approche-centree-sur-les-realites-metier\\\/\",\"url\":\"https:\\\/\\\/the-swarm.eu\\\/index.php\\\/2025\\\/03\\\/30\\\/repenser-lintegration-de-lia-dans-les-organisations-une-approche-centree-sur-les-realites-metier\\\/\",\"name\":\"Repenser l\u2019int\u00e9gration de l\u2019intelligence artificielle dans les organisations: une approche centr\u00e9e sur les r\u00e9alit\u00e9s m\u00e9tier - The Swarm\",\"isPartOf\":{\"@id\":\"https:\\\/\\\/the-swarm.eu\\\/#website\"},\"primaryImageOfPage\":{\"@id\":\"https:\\\/\\\/the-swarm.eu\\\/index.php\\\/2025\\\/03\\\/30\\\/repenser-lintegration-de-lia-dans-les-organisations-une-approche-centree-sur-les-realites-metier\\\/#primaryimage\"},\"image\":{\"@id\":\"https:\\\/\\\/the-swarm.eu\\\/index.php\\\/2025\\\/03\\\/30\\\/repenser-lintegration-de-lia-dans-les-organisations-une-approche-centree-sur-les-realites-metier\\\/#primaryimage\"},\"thumbnailUrl\":\"https:\\\/\\\/the-swarm.eu\\\/wp-content\\\/uploads\\\/2025\\\/03\\\/Peter_Paul_RUBENS_-_Promethee_enchaine.jpg\",\"datePublished\":\"2025-03-30T22:09:56+00:00\",\"dateModified\":\"2025-05-24T11:30:20+00:00\",\"description\":\"L'Ecolabel Europ\u00e9en est une certification \u00e9cologique officielle exigeante et la Clef Verte est une certification plus accessible et souple.\",\"breadcrumb\":{\"@id\":\"https:\\\/\\\/the-swarm.eu\\\/index.php\\\/2025\\\/03\\\/30\\\/repenser-lintegration-de-lia-dans-les-organisations-une-approche-centree-sur-les-realites-metier\\\/#breadcrumb\"},\"inLanguage\":\"fr-FR\",\"potentialAction\":[{\"@type\":\"ReadAction\",\"target\":[\"https:\\\/\\\/the-swarm.eu\\\/index.php\\\/2025\\\/03\\\/30\\\/repenser-lintegration-de-lia-dans-les-organisations-une-approche-centree-sur-les-realites-metier\\\/\"]}]},{\"@type\":\"ImageObject\",\"inLanguage\":\"fr-FR\",\"@id\":\"https:\\\/\\\/the-swarm.eu\\\/index.php\\\/2025\\\/03\\\/30\\\/repenser-lintegration-de-lia-dans-les-organisations-une-approche-centree-sur-les-realites-metier\\\/#primaryimage\",\"url\":\"https:\\\/\\\/the-swarm.eu\\\/wp-content\\\/uploads\\\/2025\\\/03\\\/Peter_Paul_RUBENS_-_Promethee_enchaine.jpg\",\"contentUrl\":\"https:\\\/\\\/the-swarm.eu\\\/wp-content\\\/uploads\\\/2025\\\/03\\\/Peter_Paul_RUBENS_-_Promethee_enchaine.jpg\",\"width\":960,\"height\":1280},{\"@type\":\"BreadcrumbList\",\"@id\":\"https:\\\/\\\/the-swarm.eu\\\/index.php\\\/2025\\\/03\\\/30\\\/repenser-lintegration-de-lia-dans-les-organisations-une-approche-centree-sur-les-realites-metier\\\/#breadcrumb\",\"itemListElement\":[{\"@type\":\"ListItem\",\"position\":1,\"name\":\"Home\",\"item\":\"https:\\\/\\\/the-swarm.eu\\\/\"},{\"@type\":\"ListItem\",\"position\":2,\"name\":\"Repenser l\u2019int\u00e9gration de l\u2019intelligence artificielle dans les organisations: une approche centr\u00e9e sur les r\u00e9alit\u00e9s m\u00e9tier\"}]},{\"@type\":\"WebSite\",\"@id\":\"https:\\\/\\\/the-swarm.eu\\\/#website\",\"url\":\"https:\\\/\\\/the-swarm.eu\\\/\",\"name\":\"The Swarm Initiative\",\"description\":\"Nous aidons les h\u00f4tels \u00e0 faire de la RSE une source de valeur et de sens\",\"publisher\":{\"@id\":\"https:\\\/\\\/the-swarm.eu\\\/#organization\"},\"potentialAction\":[{\"@type\":\"SearchAction\",\"target\":{\"@type\":\"EntryPoint\",\"urlTemplate\":\"https:\\\/\\\/the-swarm.eu\\\/?s={search_term_string}\"},\"query-input\":{\"@type\":\"PropertyValueSpecification\",\"valueRequired\":true,\"valueName\":\"search_term_string\"}}],\"inLanguage\":\"fr-FR\"},{\"@type\":\"Organization\",\"@id\":\"https:\\\/\\\/the-swarm.eu\\\/#organization\",\"name\":\"The Swarm Initiative\",\"url\":\"https:\\\/\\\/the-swarm.eu\\\/\",\"logo\":{\"@type\":\"ImageObject\",\"inLanguage\":\"fr-FR\",\"@id\":\"https:\\\/\\\/the-swarm.eu\\\/#\\\/schema\\\/logo\\\/image\\\/\",\"url\":\"https:\\\/\\\/the-swarm.eu\\\/wp-content\\\/uploads\\\/2024\\\/01\\\/cropped-green_logo_transparent_background_resized_big_bgwhite.png\",\"contentUrl\":\"https:\\\/\\\/the-swarm.eu\\\/wp-content\\\/uploads\\\/2024\\\/01\\\/cropped-green_logo_transparent_background_resized_big_bgwhite.png\",\"width\":512,\"height\":512,\"caption\":\"The Swarm Initiative\"},\"image\":{\"@id\":\"https:\\\/\\\/the-swarm.eu\\\/#\\\/schema\\\/logo\\\/image\\\/\"},\"sameAs\":[\"https:\\\/\\\/www.linkedin.com\\\/company\\\/79558868\\\/\"]},{\"@type\":\"Person\",\"@id\":\"https:\\\/\\\/the-swarm.eu\\\/#\\\/schema\\\/person\\\/4f3930239a7c9b1f2787af97b906dc15\",\"name\":\"Pedro Gomes Lopes\",\"image\":{\"@type\":\"ImageObject\",\"inLanguage\":\"fr-FR\",\"@id\":\"https:\\\/\\\/secure.gravatar.com\\\/avatar\\\/b61bfaf3ded28fd143c6f278c3fd4ca5f97d253e7666740d7a31e77a745ff0a3?s=96&d=mm&r=g\",\"url\":\"https:\\\/\\\/secure.gravatar.com\\\/avatar\\\/b61bfaf3ded28fd143c6f278c3fd4ca5f97d253e7666740d7a31e77a745ff0a3?s=96&d=mm&r=g\",\"contentUrl\":\"https:\\\/\\\/secure.gravatar.com\\\/avatar\\\/b61bfaf3ded28fd143c6f278c3fd4ca5f97d253e7666740d7a31e77a745ff0a3?s=96&d=mm&r=g\",\"caption\":\"Pedro Gomes Lopes\"},\"url\":\"https:\\\/\\\/the-swarm.eu\\\/index.php\\\/author\\\/pgomes\\\/\"}]}<\/script>\n<!-- \/ Yoast SEO plugin. -->","yoast_head_json":{"title":"Repenser l\u2019int\u00e9gration de l\u2019intelligence artificielle dans les organisations: une approche centr\u00e9e sur les r\u00e9alit\u00e9s m\u00e9tier - The Swarm","description":"L'Ecolabel Europ\u00e9en est une certification \u00e9cologique officielle exigeante et la Clef Verte est une certification plus accessible et souple.","robots":{"index":"index","follow":"follow","max-snippet":"max-snippet:-1","max-image-preview":"max-image-preview:large","max-video-preview":"max-video-preview:-1"},"canonical":"https:\/\/the-swarm.eu\/index.php\/2025\/03\/30\/repenser-lintegration-de-lia-dans-les-organisations-une-approche-centree-sur-les-realites-metier\/","og_locale":"fr_FR","og_type":"article","og_title":"L\u2019\u00c9colabel Europ\u00e9en : un atout au service de la transition du secteur touristique en Europe dans un contexte de fragilisation du Pacte vert","og_description":"L'Ecolabel Europ\u00e9en est une certification \u00e9cologique officielle exigeante et la Clef Verte est une certification plus accessible et souple.","og_url":"https:\/\/the-swarm.eu\/index.php\/2025\/03\/30\/repenser-lintegration-de-lia-dans-les-organisations-une-approche-centree-sur-les-realites-metier\/","og_site_name":"The Swarm","article_published_time":"2025-03-30T22:09:56+00:00","article_modified_time":"2025-05-24T11:30:20+00:00","og_image":[{"width":960,"height":1280,"url":"https:\/\/the-swarm.eu\/wp-content\/uploads\/2025\/03\/Peter_Paul_RUBENS_-_Promethee_enchaine.jpg","type":"image\/jpeg"}],"author":"Pedro Gomes Lopes","twitter_card":"summary_large_image","twitter_misc":{"\u00c9crit par":"Pedro Gomes Lopes","Dur\u00e9e de lecture estim\u00e9e":"13 minutes"},"schema":{"@context":"https:\/\/schema.org","@graph":[{"@type":"Article","@id":"https:\/\/the-swarm.eu\/index.php\/2025\/03\/30\/repenser-lintegration-de-lia-dans-les-organisations-une-approche-centree-sur-les-realites-metier\/#article","isPartOf":{"@id":"https:\/\/the-swarm.eu\/index.php\/2025\/03\/30\/repenser-lintegration-de-lia-dans-les-organisations-une-approche-centree-sur-les-realites-metier\/"},"author":{"name":"Pedro Gomes Lopes","@id":"https:\/\/the-swarm.eu\/#\/schema\/person\/4f3930239a7c9b1f2787af97b906dc15"},"headline":"Repenser l\u2019int\u00e9gration de l\u2019intelligence artificielle dans les organisations: une approche centr\u00e9e sur les r\u00e9alit\u00e9s m\u00e9tier","datePublished":"2025-03-30T22:09:56+00:00","dateModified":"2025-05-24T11:30:20+00:00","mainEntityOfPage":{"@id":"https:\/\/the-swarm.eu\/index.php\/2025\/03\/30\/repenser-lintegration-de-lia-dans-les-organisations-une-approche-centree-sur-les-realites-metier\/"},"wordCount":2780,"commentCount":0,"publisher":{"@id":"https:\/\/the-swarm.eu\/#organization"},"image":{"@id":"https:\/\/the-swarm.eu\/index.php\/2025\/03\/30\/repenser-lintegration-de-lia-dans-les-organisations-une-approche-centree-sur-les-realites-metier\/#primaryimage"},"thumbnailUrl":"https:\/\/the-swarm.eu\/wp-content\/uploads\/2025\/03\/Peter_Paul_RUBENS_-_Promethee_enchaine.jpg","articleSection":["H\u00f4tellerie responsable et durable"],"inLanguage":"fr-FR","potentialAction":[{"@type":"CommentAction","name":"Comment","target":["https:\/\/the-swarm.eu\/index.php\/2025\/03\/30\/repenser-lintegration-de-lia-dans-les-organisations-une-approche-centree-sur-les-realites-metier\/#respond"]}]},{"@type":"WebPage","@id":"https:\/\/the-swarm.eu\/index.php\/2025\/03\/30\/repenser-lintegration-de-lia-dans-les-organisations-une-approche-centree-sur-les-realites-metier\/","url":"https:\/\/the-swarm.eu\/index.php\/2025\/03\/30\/repenser-lintegration-de-lia-dans-les-organisations-une-approche-centree-sur-les-realites-metier\/","name":"Repenser l\u2019int\u00e9gration de l\u2019intelligence artificielle dans les organisations: une approche centr\u00e9e sur les r\u00e9alit\u00e9s m\u00e9tier - The Swarm","isPartOf":{"@id":"https:\/\/the-swarm.eu\/#website"},"primaryImageOfPage":{"@id":"https:\/\/the-swarm.eu\/index.php\/2025\/03\/30\/repenser-lintegration-de-lia-dans-les-organisations-une-approche-centree-sur-les-realites-metier\/#primaryimage"},"image":{"@id":"https:\/\/the-swarm.eu\/index.php\/2025\/03\/30\/repenser-lintegration-de-lia-dans-les-organisations-une-approche-centree-sur-les-realites-metier\/#primaryimage"},"thumbnailUrl":"https:\/\/the-swarm.eu\/wp-content\/uploads\/2025\/03\/Peter_Paul_RUBENS_-_Promethee_enchaine.jpg","datePublished":"2025-03-30T22:09:56+00:00","dateModified":"2025-05-24T11:30:20+00:00","description":"L'Ecolabel Europ\u00e9en est une certification \u00e9cologique officielle exigeante et la Clef Verte est une certification plus accessible et souple.","breadcrumb":{"@id":"https:\/\/the-swarm.eu\/index.php\/2025\/03\/30\/repenser-lintegration-de-lia-dans-les-organisations-une-approche-centree-sur-les-realites-metier\/#breadcrumb"},"inLanguage":"fr-FR","potentialAction":[{"@type":"ReadAction","target":["https:\/\/the-swarm.eu\/index.php\/2025\/03\/30\/repenser-lintegration-de-lia-dans-les-organisations-une-approche-centree-sur-les-realites-metier\/"]}]},{"@type":"ImageObject","inLanguage":"fr-FR","@id":"https:\/\/the-swarm.eu\/index.php\/2025\/03\/30\/repenser-lintegration-de-lia-dans-les-organisations-une-approche-centree-sur-les-realites-metier\/#primaryimage","url":"https:\/\/the-swarm.eu\/wp-content\/uploads\/2025\/03\/Peter_Paul_RUBENS_-_Promethee_enchaine.jpg","contentUrl":"https:\/\/the-swarm.eu\/wp-content\/uploads\/2025\/03\/Peter_Paul_RUBENS_-_Promethee_enchaine.jpg","width":960,"height":1280},{"@type":"BreadcrumbList","@id":"https:\/\/the-swarm.eu\/index.php\/2025\/03\/30\/repenser-lintegration-de-lia-dans-les-organisations-une-approche-centree-sur-les-realites-metier\/#breadcrumb","itemListElement":[{"@type":"ListItem","position":1,"name":"Home","item":"https:\/\/the-swarm.eu\/"},{"@type":"ListItem","position":2,"name":"Repenser l\u2019int\u00e9gration de l\u2019intelligence artificielle dans les organisations: une approche centr\u00e9e sur les r\u00e9alit\u00e9s m\u00e9tier"}]},{"@type":"WebSite","@id":"https:\/\/the-swarm.eu\/#website","url":"https:\/\/the-swarm.eu\/","name":"The Swarm Initiative","description":"Nous aidons les h\u00f4tels \u00e0 faire de la RSE une source de valeur et de sens","publisher":{"@id":"https:\/\/the-swarm.eu\/#organization"},"potentialAction":[{"@type":"SearchAction","target":{"@type":"EntryPoint","urlTemplate":"https:\/\/the-swarm.eu\/?s={search_term_string}"},"query-input":{"@type":"PropertyValueSpecification","valueRequired":true,"valueName":"search_term_string"}}],"inLanguage":"fr-FR"},{"@type":"Organization","@id":"https:\/\/the-swarm.eu\/#organization","name":"The Swarm Initiative","url":"https:\/\/the-swarm.eu\/","logo":{"@type":"ImageObject","inLanguage":"fr-FR","@id":"https:\/\/the-swarm.eu\/#\/schema\/logo\/image\/","url":"https:\/\/the-swarm.eu\/wp-content\/uploads\/2024\/01\/cropped-green_logo_transparent_background_resized_big_bgwhite.png","contentUrl":"https:\/\/the-swarm.eu\/wp-content\/uploads\/2024\/01\/cropped-green_logo_transparent_background_resized_big_bgwhite.png","width":512,"height":512,"caption":"The Swarm Initiative"},"image":{"@id":"https:\/\/the-swarm.eu\/#\/schema\/logo\/image\/"},"sameAs":["https:\/\/www.linkedin.com\/company\/79558868\/"]},{"@type":"Person","@id":"https:\/\/the-swarm.eu\/#\/schema\/person\/4f3930239a7c9b1f2787af97b906dc15","name":"Pedro Gomes Lopes","image":{"@type":"ImageObject","inLanguage":"fr-FR","@id":"https:\/\/secure.gravatar.com\/avatar\/b61bfaf3ded28fd143c6f278c3fd4ca5f97d253e7666740d7a31e77a745ff0a3?s=96&d=mm&r=g","url":"https:\/\/secure.gravatar.com\/avatar\/b61bfaf3ded28fd143c6f278c3fd4ca5f97d253e7666740d7a31e77a745ff0a3?s=96&d=mm&r=g","contentUrl":"https:\/\/secure.gravatar.com\/avatar\/b61bfaf3ded28fd143c6f278c3fd4ca5f97d253e7666740d7a31e77a745ff0a3?s=96&d=mm&r=g","caption":"Pedro Gomes Lopes"},"url":"https:\/\/the-swarm.eu\/index.php\/author\/pgomes\/"}]}},"jetpack_featured_media_url":"https:\/\/the-swarm.eu\/wp-content\/uploads\/2025\/03\/Peter_Paul_RUBENS_-_Promethee_enchaine.jpg","jetpack_sharing_enabled":true,"_links":{"self":[{"href":"https:\/\/the-swarm.eu\/index.php\/wp-json\/wp\/v2\/posts\/3059","targetHints":{"allow":["GET"]}}],"collection":[{"href":"https:\/\/the-swarm.eu\/index.php\/wp-json\/wp\/v2\/posts"}],"about":[{"href":"https:\/\/the-swarm.eu\/index.php\/wp-json\/wp\/v2\/types\/post"}],"author":[{"embeddable":true,"href":"https:\/\/the-swarm.eu\/index.php\/wp-json\/wp\/v2\/users\/2"}],"replies":[{"embeddable":true,"href":"https:\/\/the-swarm.eu\/index.php\/wp-json\/wp\/v2\/comments?post=3059"}],"version-history":[{"count":40,"href":"https:\/\/the-swarm.eu\/index.php\/wp-json\/wp\/v2\/posts\/3059\/revisions"}],"predecessor-version":[{"id":4526,"href":"https:\/\/the-swarm.eu\/index.php\/wp-json\/wp\/v2\/posts\/3059\/revisions\/4526"}],"wp:featuredmedia":[{"embeddable":true,"href":"https:\/\/the-swarm.eu\/index.php\/wp-json\/wp\/v2\/media\/3136"}],"wp:attachment":[{"href":"https:\/\/the-swarm.eu\/index.php\/wp-json\/wp\/v2\/media?parent=3059"}],"wp:term":[{"taxonomy":"category","embeddable":true,"href":"https:\/\/the-swarm.eu\/index.php\/wp-json\/wp\/v2\/categories?post=3059"},{"taxonomy":"post_tag","embeddable":true,"href":"https:\/\/the-swarm.eu\/index.php\/wp-json\/wp\/v2\/tags?post=3059"}],"curies":[{"name":"wp","href":"https:\/\/api.w.org\/{rel}","templated":true}]}}